{"id":58784,"date":"2024-09-20T15:04:34","date_gmt":"2024-09-20T21:04:34","guid":{"rendered":"https:\/\/encuentroinformativo.com.mx\/?p=58784"},"modified":"2024-09-20T15:04:39","modified_gmt":"2024-09-20T21:04:39","slug":"seguiran-trabajos-para-rehabilitar-la-calle-revolucion-alcalde","status":"publish","type":"post","link":"https:\/\/encuentroinformativo.com.mx\/?p=58784","title":{"rendered":"Seguir\u00e1n trabajos para rehabilitar la calle Revoluci\u00f3n: Alcalde"},"content":{"rendered":"\n<p><strong>Dar\u00edo Pale<\/strong><\/p>\n\n\n\n<p>Xalapa, Ver.- El presidente municipal de Xalapa, Ricardo Ahued Bardahuil dio a conocer que a\u00fan no hay fecha para concluir la obra de Revoluci\u00f3n ya que el material de tuber\u00eda para la reparaci\u00f3n llega hasta la pr\u00f3xima semana.<\/p>\n\n\n\n<p>Entrevistado previo a la inauguraci\u00f3n de la Unidad m\u00e9dica de Medicina Interna del DIF municipal coment\u00f3 que, que la reparaci\u00f3n tardar\u00e1 unos d\u00edas ya que est\u00e1n levantando todas las lajas el proyecto ejecutivo estar\u00e1 hoy mismo.<\/p>\n\n\n\n<p>&#8220;Se va a cambiar una tuber\u00eda de ocho pulgadas por una de 12 ya que se revienta la calle, ya son muy antigua y m\u00e1s vale que tarde pero que quede bien y evitar un riesgo porque estuvo a punto de sumirse e irse un cami\u00f3n, imag\u00ednate una pipa de gas, o alguna cosa, pero hasta que no quede bien no se va a abrir&#8221;, se\u00f1al\u00f3.<\/p>\n\n\n\n<p>&#8220;Est\u00e1 ayudando mucho el INAH, la CMAS y la direcci\u00f3n de obras p\u00fablicas, esta semana que entra llegan los tubos que son especiales de las pulgadas necesarias para que se separe un poquito como es mixto, para que no haya levantamiento de tapas en la parte de arriba donde est\u00e1 el callej\u00f3n de rojas con Revoluci\u00f3n esa tapa se levantaba porque se hac\u00eda un embudo y se rebosaba en tiempos de lluvia&#8221;, agreg\u00f3.<\/p>\n\n\n\n<p>Coment\u00f3 que es una tuber\u00eda especial de alta resistencia de 12 pulgadas, por lo que la obra tardar\u00e1 un tiempo en repararla, ya que est\u00e1n enumerando todas las piedras para que se vuelvan a instalar de la misma forma ya que por ser centro hist\u00f3rico tiene caracter\u00edsticas para la construcci\u00f3n que tienen que cumplir.<\/p>\n\n\n\n<p>Finalmente se\u00f1al\u00f3 que de lo que se trata es de evitar riesgos ya que se estaba sumiendo la calle, se\u00f1al\u00f3 que a la banqueta le har\u00e1n algunos cambios y se est\u00e1 haciendo de manera integral.<\/p>\n","protected":false},"excerpt":{"rendered":"<p>Dar\u00edo Pale Xalapa, Ver.- El presidente municipal de Xalapa, Ricardo Ahued Bardahuil dio a conocer que a\u00fan no hay fecha para concluir la obra de Revoluci\u00f3n ya que el material de tuber\u00eda para la reparaci\u00f3n llega hasta la pr\u00f3xima semana. Entrevistado previo a la inauguraci\u00f3n de la Unidad m\u00e9dica de Medicina Interna del DIF municipal [&hellip;]<\/p>\n","protected":false},"author":2476,"featured_media":58785,"comment_status":"open","ping_status":"open","sticky":false,"template":"","format":"standard","meta":{"_jetpack_memberships_contains_paid_content":false,"footnotes":""},"categories":[3],"tags":[],"class_list":["post-58784","post","type-post","status-publish","format-standard","has-post-thumbnail","hentry","category-xalapa"],"jetpack_featured_media_url":"https:\/\/encuentroinformativo.com.mx\/wp-content\/uploads\/2024\/09\/IMG-20240920-WA00422.jpg","jetpack_sharing_enabled":true,"jetpack_likes_enabled":true,"amp_enabled":true,"_links":{"self":[{"href":"https:\/\/encuentroinformativo.com.mx\/index.php?rest_route=\/wp\/v2\/posts\/58784","targetHints":{"allow":["GET"]}}],"collection":[{"href":"https:\/\/encuentroinformativo.com.mx\/index.php?rest_route=\/wp\/v2\/posts"}],"about":[{"href":"https:\/\/encuentroinformativo.com.mx\/index.php?rest_route=\/wp\/v2\/types\/post"}],"author":[{"embeddable":true,"href":"https:\/\/encuentroinformativo.com.mx\/index.php?rest_route=\/wp\/v2\/users\/2476"}],"replies":[{"embeddable":true,"href":"https:\/\/encuentroinformativo.com.mx\/index.php?rest_route=%2Fwp%2Fv2%2Fcomments&post=58784"}],"version-history":[{"count":1,"href":"https:\/\/encuentroinformativo.com.mx\/index.php?rest_route=\/wp\/v2\/posts\/58784\/revisions"}],"predecessor-version":[{"id":58786,"href":"https:\/\/encuentroinformativo.com.mx\/index.php?rest_route=\/wp\/v2\/posts\/58784\/revisions\/58786"}],"wp:featuredmedia":[{"embeddable":true,"href":"https:\/\/encuentroinformativo.com.mx\/index.php?rest_route=\/wp\/v2\/media\/58785"}],"wp:attachment":[{"href":"https:\/\/encuentroinformativo.com.mx\/index.php?rest_route=%2Fwp%2Fv2%2Fmedia&parent=58784"}],"wp:term":[{"taxonomy":"category","embeddable":true,"href":"https:\/\/encuentroinformativo.com.mx\/index.php?rest_route=%2Fwp%2Fv2%2Fcategories&post=58784"},{"taxonomy":"post_tag","embeddable":true,"href":"https:\/\/encuentroinformativo.com.mx\/index.php?rest_route=%2Fwp%2Fv2%2Ftags&post=58784"}],"curies":[{"name":"wp","href":"https:\/\/api.w.org\/{rel}","templated":true}]}}