{"id":58796,"date":"2024-09-22T13:20:33","date_gmt":"2024-09-22T19:20:33","guid":{"rendered":"https:\/\/encuentroinformativo.com.mx\/?p=58796"},"modified":"2024-09-22T13:20:40","modified_gmt":"2024-09-22T19:20:40","slug":"donde-estan-seguras-las-infancias","status":"publish","type":"post","link":"https:\/\/encuentroinformativo.com.mx\/?p=58796","title":{"rendered":"\u00bfD\u00f3nde est\u00e1n seguras las infancias?"},"content":{"rendered":"\n<p><strong>Columna de Opini\u00f3n<\/strong><\/p>\n\n\n\n<p><strong>Zaira Rosas<\/strong><\/p>\n\n\n\n<p>M\u00e9xico ocupa el primer lugar del mundo en abuso infantil seg\u00fan la OCDE, si lo analizamos por g\u00e9nero son las ni\u00f1as m\u00e1s propensas a sufrir cualquier tipo de violencia, muchas veces en sus propios hogares a manos de personas que deber\u00edan cumplir con ser su primer c\u00edrculo de cuidado. En medio de conflictos armados como el de Israel contra Palestina han muerto m\u00e1s ni\u00f1os y ni\u00f1as que hombres y mujeres, alrededor de 16,756 han perdido la vida, m\u00e1s de un mill\u00f3n se han visto desplazados por las condiciones de guerra, 20,000 han perdido a uno o ambos de sus progenitores y 17,000 se encuentran solos o separados de sus familias. Esto nos dice que en otras partes del mundo tampoco es un espacio seguro para las infancias.<\/p>\n\n\n\n<p>Quiz\u00e1s pertenecer a un alto nivel socioecon\u00f3mico podr\u00eda pensarse que protege a las infancias, en espacios de mayor educaci\u00f3n o quiz\u00e1s en sus colegios, pero tampoco ah\u00ed es un lugar seguro, incluso en el mundo del espect\u00e1culo hay titulares que avalan teor\u00edas de conspiraci\u00f3n anta\u00f1o presentadas donde quienes pertenecen a la \u00e9lite de Hollywood abusan de quienes tienen aspiraci\u00f3n por crecer, como muestra de ello el esc\u00e1ndalo que ha explotado m\u00e1s en redes sociales del rapero Sean \u201cDiddy\u201d Combs, quien fue detenido en marzo por acusaciones de violencia, abuso sexual y tr\u00e1fico de personas, mismas que se han incrementado y ahora se\u00f1alan en plataformas incluso a Justin Bieber cuando ten\u00eda 15 a\u00f1os como posible v\u00edctima.<\/p>\n\n\n\n<p>Ning\u00fan lugar puede ser seguro para las infancias en medio de personas sin escr\u00fapulos, a manos de padres que terminan abusando de sus hijas o hijos, a manos de gente depravada que vende sus cuerpos como si se tratara de juguetes sexuales, tampoco est\u00e1n seguros ante una exposici\u00f3n digital desmedida donde se vuelven el blanco de todo tipo de comentarios o peor a\u00fan cuando son el blanco de contenido basura que les invita a una sexualizaci\u00f3n temprana.<\/p>\n\n\n\n<p>\u00bfSon los espacios p\u00fablicos o las escuelas un espacio seguro? En m\u00faltiples ocasiones no, un gran n\u00famero de lugares ni siquiera est\u00e1 pensado en la ni\u00f1ez, tenemos un poco cultura del cuidado infantil y poco respetamos sus derechos, no ofrecemos seguridad, protecci\u00f3n ni cuidado a su salud cuando permitimos que un lugar como su k\u00ednder puedan ser v\u00edctimas de abuso o peor a\u00fan si es dentro del mismo hogar donde se les arrebata la inocencia e incluso la vida.<\/p>\n\n\n\n<p>En medio de escenarios donde una madre pide ayuda porque su hija vivi\u00f3 un probable abuso sexual en su jard\u00edn de ni\u00f1os, deber\u00edamos exigir justicia no s\u00f3lo para la peque\u00f1a, sino para que en estos espacios se tengan m\u00e1s filtros que garanticen la seguridad de los menores ante cualquier situaci\u00f3n, sin embargo el rev\u00e9s llega cuando a trav\u00e9s de estas mismas plataformas se plantea la posibilidad de que el abuso haya sido cometido en casa por otra persona. No hay pruebas o evidencias que clarifiquen lo sucedido, ambos escenarios son probables en un pa\u00eds donde la impunidad ha sido escudo para muchos pederastas y personas que hacen uso de su poder para romper con la seguridad de cualquier infante.<\/p>\n\n\n\n<p>Mientras tanto como sociedad nos corresponde alzar la voz, ante las autoridades, pero tambi\u00e9n en todo tipo de espacios, garantizar que ni\u00f1as y ni\u00f1os tengan confianza en s\u00ed para no callar ante cualquier extorsi\u00f3n o presi\u00f3n as\u00ed venga desde el hogar. Si la casa es un blanco de abuso que la escuela sea el espacio que les muestre lo que no tienen que callar nunca y viceversa, en el hogar tambi\u00e9n hemos de recordarles su val\u00eda y cu\u00e1n indebidos son ciertos comportamientos por parte de terceros.<\/p>\n\n\n\n<p>Desde espacios externos, as\u00ed como creamos contenido viral que posiciona a personas sin sentido, podemos hablar a las infancias de lo que es el abuso a trav\u00e9s de narrativas que entiendan y les interesen, de ah\u00ed la importancia de crear series o pel\u00edculas que les inviten a entender nuevos valores. Las infancias solo tendr\u00e1n un lugar seguro cuando participemos todas y todos.<\/p>\n","protected":false},"excerpt":{"rendered":"<p>Columna de Opini\u00f3n Zaira Rosas M\u00e9xico ocupa el primer lugar del mundo en abuso infantil seg\u00fan la OCDE, si lo analizamos por g\u00e9nero son las ni\u00f1as m\u00e1s propensas a sufrir cualquier tipo de violencia, muchas veces en sus propios hogares a manos de personas que deber\u00edan cumplir con ser su primer c\u00edrculo de cuidado. En [&hellip;]<\/p>\n","protected":false},"author":2476,"featured_media":387,"comment_status":"open","ping_status":"open","sticky":false,"template":"","format":"standard","meta":{"_jetpack_memberships_contains_paid_content":false,"footnotes":""},"categories":[11],"tags":[],"class_list":["post-58796","post","type-post","status-publish","format-standard","has-post-thumbnail","hentry","category-opinion"],"jetpack_featured_media_url":"https:\/\/encuentroinformativo.com.mx\/wp-content\/uploads\/2020\/03\/7CF8A22B-2764-47BE-8F7F-38FE9E5D6A2F.jpeg","jetpack_sharing_enabled":true,"jetpack_likes_enabled":true,"amp_enabled":true,"_links":{"self":[{"href":"https:\/\/encuentroinformativo.com.mx\/index.php?rest_route=\/wp\/v2\/posts\/58796","targetHints":{"allow":["GET"]}}],"collection":[{"href":"https:\/\/encuentroinformativo.com.mx\/index.php?rest_route=\/wp\/v2\/posts"}],"about":[{"href":"https:\/\/encuentroinformativo.com.mx\/index.php?rest_route=\/wp\/v2\/types\/post"}],"author":[{"embeddable":true,"href":"https:\/\/encuentroinformativo.com.mx\/index.php?rest_route=\/wp\/v2\/users\/2476"}],"replies":[{"embeddable":true,"href":"https:\/\/encuentroinformativo.com.mx\/index.php?rest_route=%2Fwp%2Fv2%2Fcomments&post=58796"}],"version-history":[{"count":1,"href":"https:\/\/encuentroinformativo.com.mx\/index.php?rest_route=\/wp\/v2\/posts\/58796\/revisions"}],"predecessor-version":[{"id":58797,"href":"https:\/\/encuentroinformativo.com.mx\/index.php?rest_route=\/wp\/v2\/posts\/58796\/revisions\/58797"}],"wp:featuredmedia":[{"embeddable":true,"href":"https:\/\/encuentroinformativo.com.mx\/index.php?rest_route=\/wp\/v2\/media\/387"}],"wp:attachment":[{"href":"https:\/\/encuentroinformativo.com.mx\/index.php?rest_route=%2Fwp%2Fv2%2Fmedia&parent=58796"}],"wp:term":[{"taxonomy":"category","embeddable":true,"href":"https:\/\/encuentroinformativo.com.mx\/index.php?rest_route=%2Fwp%2Fv2%2Fcategories&post=58796"},{"taxonomy":"post_tag","embeddable":true,"href":"https:\/\/encuentroinformativo.com.mx\/index.php?rest_route=%2Fwp%2Fv2%2Ftags&post=58796"}],"curies":[{"name":"wp","href":"https:\/\/api.w.org\/{rel}","templated":true}]}}