{"id":58798,"date":"2024-09-22T17:12:44","date_gmt":"2024-09-22T23:12:44","guid":{"rendered":"https:\/\/encuentroinformativo.com.mx\/?p=58798"},"modified":"2024-09-22T17:12:49","modified_gmt":"2024-09-22T23:12:49","slug":"inaugura-amlo-el-centro-cultural-leyes-de-reforma-en-veracruz","status":"publish","type":"post","link":"https:\/\/encuentroinformativo.com.mx\/?p=58798","title":{"rendered":"Inaugura AMLO el Centro Cultural Leyes de Reforma en Veracruz"},"content":{"rendered":"\n<p>Veracruz, Ver. &#8211; El presidente Andr\u00e9s Manuel L\u00f3pez Obrador realiz\u00f3 su \u00faltima visita oficial a la ciudad y puerto de Veracruz como parte de su mandato presidencial, donde inaugur\u00f3 el Centro Cultural Leyes de Reforma.<\/p>\n\n\n\n<p>Este emblem\u00e1tico evento reuni\u00f3 a cientos de simpatizantes que se dieron cita para mostrar su apoyo, cari\u00f1o y respeto hacia el mandatario que, durante su gesti\u00f3n, ha sido un s\u00edmbolo de transformaci\u00f3n para M\u00e9xico.<\/p>\n\n\n\n<p>Veracruz, considerado como la &#8220;segunda tierra&#8221; de L\u00f3pez Obrador, fue testigo de un c\u00e1lido recibimiento de sus ciudadanos, quienes agradecieron las iniciativas y logros alcanzados durante su administraci\u00f3n.<\/p>\n\n\n\n<p>Entre los asistentes destac\u00f3 la presencia de Eleazar Guerrero P\u00e9rez, diputado federal de Morena y representante de la expresi\u00f3n ciudadana Unidos Todos, quien expres\u00f3 p\u00fablicamente su apoyo al presidente, calific\u00e1ndolo como &#8220;el mejor presidente que ha tenido M\u00e9xico&#8221;.<\/p>\n\n\n\n<p>En entrevista, Guerrero P\u00e9rez resalt\u00f3 el legado que deja L\u00f3pez Obrador, especialmente en t\u00e9rminos de justicia social y perseverancia. \u201cEl presidente L\u00f3pez Obrador ha sentado las bases para quienes siguen luchando contra las injusticias. Nos ha demostrado que la perseverancia, el no rendirse y seguir adelante es el camino para lograr lo que queremos. Desde 2018, el pueblo le confi\u00f3 el destino de nuestro pa\u00eds, y hoy lo sigue apoyando. Gracias a su liderazgo, hoy tenemos un pa\u00eds y un estado de Veracruz lleno de oportunidades para todas y todos\u201d, afirm\u00f3 el legislador.<\/p>\n\n\n\n<p>En materia legislativa, Guerrero P\u00e9rez inform\u00f3 que el grupo parlamentario de Morena contin\u00faa trabajando arduamente para enfrentar los grandes desaf\u00edos que tienen por delante, particularmente en la reforma constitucional del art\u00edculo 123. Esta reforma, que ser\u00e1 presentada la pr\u00f3xima semana, garantizar\u00e1 que los salarios m\u00ednimos nunca est\u00e9n por debajo de la inflaci\u00f3n.<\/p>\n\n\n\n<p>Asimismo, adelant\u00f3 que se busca asegurar que el programa J\u00f3venes Construyendo el Futuro cuente con suficiencia presupuestal garantizada en la Constituci\u00f3n.<\/p>\n\n\n\n<p>\u201cCon estas reformas, estamos avanzando hacia una patria m\u00e1s justa y equitativa\u201d, subray\u00f3 Guerrero P\u00e9rez.<\/p>\n\n\n\n<p>Finalmente, el diputado de Morena y representante de Unidos Todos, concluy\u00f3 su mensaje dirigi\u00e9ndose al presidente L\u00f3pez Obrador con palabras de admiraci\u00f3n y gratitud: \u201cSu tenacidad y perseverancia lo han llevado a ser el mejor presidente que ha tenido este pa\u00eds. Es nuestra inspiraci\u00f3n, y decirle que siempre lo llevaremos en el coraz\u00f3n y en la mente\u201d.<\/p>\n\n\n\n<p>El evento concluy\u00f3 en medio de aplausos y ovaciones, marcando un emotivo cierre a la relaci\u00f3n cercana entre el presidente y sus paisanos, el pueblo veracruzano.<\/p>\n\n\n\n<figure class=\"wp-block-image size-large\"><img loading=\"lazy\" decoding=\"async\" width=\"1024\" height=\"478\" src=\"https:\/\/encuentroinformativo.com.mx\/wp-content\/uploads\/2024\/09\/1000391297-1024x478.jpg\" alt=\"\" class=\"wp-image-58800\" srcset=\"https:\/\/encuentroinformativo.com.mx\/wp-content\/uploads\/2024\/09\/1000391297-1024x478.jpg 1024w, https:\/\/encuentroinformativo.com.mx\/wp-content\/uploads\/2024\/09\/1000391297-300x140.jpg 300w, https:\/\/encuentroinformativo.com.mx\/wp-content\/uploads\/2024\/09\/1000391297-768x359.jpg 768w, https:\/\/encuentroinformativo.com.mx\/wp-content\/uploads\/2024\/09\/1000391297-1536x717.jpg 1536w, https:\/\/encuentroinformativo.com.mx\/wp-content\/uploads\/2024\/09\/1000391297-2048x956.jpg 2048w\" sizes=\"auto, (max-width: 1024px) 100vw, 1024px\" \/><\/figure>\n","protected":false},"excerpt":{"rendered":"<p>Veracruz, Ver. &#8211; El presidente Andr\u00e9s Manuel L\u00f3pez Obrador realiz\u00f3 su \u00faltima visita oficial a la ciudad y puerto de Veracruz como parte de su mandato presidencial, donde inaugur\u00f3 el Centro Cultural Leyes de Reforma. Este emblem\u00e1tico evento reuni\u00f3 a cientos de simpatizantes que se dieron cita para mostrar su apoyo, cari\u00f1o y respeto hacia [&hellip;]<\/p>\n","protected":false},"author":2476,"featured_media":58799,"comment_status":"open","ping_status":"open","sticky":false,"template":"","format":"standard","meta":{"_jetpack_memberships_contains_paid_content":false,"footnotes":""},"categories":[2],"tags":[],"class_list":["post-58798","post","type-post","status-publish","format-standard","has-post-thumbnail","hentry","category-estado"],"jetpack_featured_media_url":"https:\/\/encuentroinformativo.com.mx\/wp-content\/uploads\/2024\/09\/IMG-20240922-WA0049-scaled.jpg","jetpack_sharing_enabled":true,"jetpack_likes_enabled":true,"amp_enabled":true,"_links":{"self":[{"href":"https:\/\/encuentroinformativo.com.mx\/index.php?rest_route=\/wp\/v2\/posts\/58798","targetHints":{"allow":["GET"]}}],"collection":[{"href":"https:\/\/encuentroinformativo.com.mx\/index.php?rest_route=\/wp\/v2\/posts"}],"about":[{"href":"https:\/\/encuentroinformativo.com.mx\/index.php?rest_route=\/wp\/v2\/types\/post"}],"author":[{"embeddable":true,"href":"https:\/\/encuentroinformativo.com.mx\/index.php?rest_route=\/wp\/v2\/users\/2476"}],"replies":[{"embeddable":true,"href":"https:\/\/encuentroinformativo.com.mx\/index.php?rest_route=%2Fwp%2Fv2%2Fcomments&post=58798"}],"version-history":[{"count":1,"href":"https:\/\/encuentroinformativo.com.mx\/index.php?rest_route=\/wp\/v2\/posts\/58798\/revisions"}],"predecessor-version":[{"id":58801,"href":"https:\/\/encuentroinformativo.com.mx\/index.php?rest_route=\/wp\/v2\/posts\/58798\/revisions\/58801"}],"wp:featuredmedia":[{"embeddable":true,"href":"https:\/\/encuentroinformativo.com.mx\/index.php?rest_route=\/wp\/v2\/media\/58799"}],"wp:attachment":[{"href":"https:\/\/encuentroinformativo.com.mx\/index.php?rest_route=%2Fwp%2Fv2%2Fmedia&parent=58798"}],"wp:term":[{"taxonomy":"category","embeddable":true,"href":"https:\/\/encuentroinformativo.com.mx\/index.php?rest_route=%2Fwp%2Fv2%2Fcategories&post=58798"},{"taxonomy":"post_tag","embeddable":true,"href":"https:\/\/encuentroinformativo.com.mx\/index.php?rest_route=%2Fwp%2Fv2%2Ftags&post=58798"}],"curies":[{"name":"wp","href":"https:\/\/api.w.org\/{rel}","templated":true}]}}