{"id":58802,"date":"2024-09-22T19:22:10","date_gmt":"2024-09-23T01:22:10","guid":{"rendered":"https:\/\/encuentroinformativo.com.mx\/?p=58802"},"modified":"2024-09-22T19:22:17","modified_gmt":"2024-09-23T01:22:17","slug":"vuelca-tras-esquivar-un-bache-en-alvarado-10-lesionados-y-1-menor-fallecida","status":"publish","type":"post","link":"https:\/\/encuentroinformativo.com.mx\/?p=58802","title":{"rendered":"Vuelca tras esquivar un bache en Alvarado, 10 lesionados y 1 menor fallecida"},"content":{"rendered":"\n<p><strong>Alejandro \u00c1vila<\/strong><\/p>\n\n\n\n<p>Alvarado, Ver.- La tarde de este domingo se suscit\u00f3 un fatal accidente en la carretera 180 dentro del municipio de Alvarado; los primeros reportes indican que 10 personas habr\u00edan salido lesionadas y una menor de edad fallecida.<\/p>\n\n\n\n<p>A los n\u00fameros de emergencia se avis\u00f3 sobre la volcadura de una camioneta Ford color roja tipo Ranger con placas YE-2779-A , en la cual viajaba una familia de municipio de Cosamaloapan; el conductor perdi\u00f3 el control de la unidad al tratar de librar un enorme bache en la carpeta asfaltica, por lo que termin\u00f3 volteando la unidad.<\/p>\n\n\n\n<p>Al siniestro llegaron elementos de la Polic\u00eda Municipal y Protecci\u00f3n Civil de Alvarado, adem\u00e1s de la Guardia Nacional divisi\u00f3n Caminos y, Polic\u00eda Ministerial; 10 integrantes de la familia resultaron con lesiones graves mientras que una peque\u00f1a de un a\u00f1o con seis meses perdi\u00f3 la vida en el incidente.<\/p>\n\n\n\n<p>Los hechos ocurrieron en la comunidad conocida como Santa Rosa, justo donde se encuentran las areneras del municipio de Alvarado, a 800 metros de la caseta de cobro; es de mencionar que diversi\u00f3n ciudadanos del municipio de Alvarado se ha manifestado constantemente para solicitar la rehabilitaci\u00f3n de la carretera federal 180, la cual consideran es un peligro por su mal estado, prueba de ello este accidente que se suma a una larga lista de siniestros durante 2024.<\/p>\n\n\n\n<figure class=\"wp-block-image size-large\"><img loading=\"lazy\" decoding=\"async\" width=\"768\" height=\"1024\" src=\"https:\/\/encuentroinformativo.com.mx\/wp-content\/uploads\/2024\/09\/1000391349-768x1024.jpg\" alt=\"\" class=\"wp-image-58804\" srcset=\"https:\/\/encuentroinformativo.com.mx\/wp-content\/uploads\/2024\/09\/1000391349-768x1024.jpg 768w, https:\/\/encuentroinformativo.com.mx\/wp-content\/uploads\/2024\/09\/1000391349-225x300.jpg 225w, https:\/\/encuentroinformativo.com.mx\/wp-content\/uploads\/2024\/09\/1000391349-1152x1536.jpg 1152w, https:\/\/encuentroinformativo.com.mx\/wp-content\/uploads\/2024\/09\/1000391349.jpg 1200w\" sizes=\"auto, (max-width: 768px) 100vw, 768px\" \/><\/figure>\n","protected":false},"excerpt":{"rendered":"<p>Alejandro \u00c1vila Alvarado, Ver.- La tarde de este domingo se suscit\u00f3 un fatal accidente en la carretera 180 dentro del municipio de Alvarado; los primeros reportes indican que 10 personas habr\u00edan salido lesionadas y una menor de edad fallecida. A los n\u00fameros de emergencia se avis\u00f3 sobre la volcadura de una camioneta Ford color roja [&hellip;]<\/p>\n","protected":false},"author":2476,"featured_media":58803,"comment_status":"open","ping_status":"open","sticky":false,"template":"","format":"standard","meta":{"_jetpack_memberships_contains_paid_content":false,"footnotes":""},"categories":[2],"tags":[],"class_list":["post-58802","post","type-post","status-publish","format-standard","has-post-thumbnail","hentry","category-estado"],"jetpack_featured_media_url":"https:\/\/encuentroinformativo.com.mx\/wp-content\/uploads\/2024\/09\/IMG-20240922-WA0076.jpg","jetpack_sharing_enabled":true,"jetpack_likes_enabled":true,"amp_enabled":true,"_links":{"self":[{"href":"https:\/\/encuentroinformativo.com.mx\/index.php?rest_route=\/wp\/v2\/posts\/58802","targetHints":{"allow":["GET"]}}],"collection":[{"href":"https:\/\/encuentroinformativo.com.mx\/index.php?rest_route=\/wp\/v2\/posts"}],"about":[{"href":"https:\/\/encuentroinformativo.com.mx\/index.php?rest_route=\/wp\/v2\/types\/post"}],"author":[{"embeddable":true,"href":"https:\/\/encuentroinformativo.com.mx\/index.php?rest_route=\/wp\/v2\/users\/2476"}],"replies":[{"embeddable":true,"href":"https:\/\/encuentroinformativo.com.mx\/index.php?rest_route=%2Fwp%2Fv2%2Fcomments&post=58802"}],"version-history":[{"count":1,"href":"https:\/\/encuentroinformativo.com.mx\/index.php?rest_route=\/wp\/v2\/posts\/58802\/revisions"}],"predecessor-version":[{"id":58805,"href":"https:\/\/encuentroinformativo.com.mx\/index.php?rest_route=\/wp\/v2\/posts\/58802\/revisions\/58805"}],"wp:featuredmedia":[{"embeddable":true,"href":"https:\/\/encuentroinformativo.com.mx\/index.php?rest_route=\/wp\/v2\/media\/58803"}],"wp:attachment":[{"href":"https:\/\/encuentroinformativo.com.mx\/index.php?rest_route=%2Fwp%2Fv2%2Fmedia&parent=58802"}],"wp:term":[{"taxonomy":"category","embeddable":true,"href":"https:\/\/encuentroinformativo.com.mx\/index.php?rest_route=%2Fwp%2Fv2%2Fcategories&post=58802"},{"taxonomy":"post_tag","embeddable":true,"href":"https:\/\/encuentroinformativo.com.mx\/index.php?rest_route=%2Fwp%2Fv2%2Ftags&post=58802"}],"curies":[{"name":"wp","href":"https:\/\/api.w.org\/{rel}","templated":true}]}}