{"id":58817,"date":"2024-09-23T11:31:24","date_gmt":"2024-09-23T17:31:24","guid":{"rendered":"https:\/\/encuentroinformativo.com.mx\/?p=58817"},"modified":"2024-09-23T11:31:29","modified_gmt":"2024-09-23T17:31:29","slug":"morena-le-extiende-vigencia-a-consejeros-nacionales-y-estatales-hasta-el-2027","status":"publish","type":"post","link":"https:\/\/encuentroinformativo.com.mx\/?p=58817","title":{"rendered":"Morena le extiende vigencia a Consejeros Nacionales y Estatales hasta el 2027"},"content":{"rendered":"\n<p><strong>Alejandro \u00c1vila<\/strong><\/p>\n\n\n\n<p>Veracruz, Ver.- Este pasado fin de semana la dirigencia nacional de Morena decidi\u00f3 extender la vigencia de las funciones de los Consejeros Nacionales y Estatales, por lo que todos terminar\u00e1n sus funciones el 1 octubre del 2027.<\/p>\n\n\n\n<p>En primera instancia, los m\u00e1s de tres mil Consejeros Nacionales y Estatales que acudieron a la Ciudad de M\u00e9xico al Septimo Congreso Nacional extraordinario, emitieron su voto y por unanimidad consolidaron a Luisa Mar\u00eda Alcalde como nueva presidenta del Comit\u00e9 Ejecutivo Nacional (CEN) de Morena.<\/p>\n\n\n\n<p>&#8220;Esto fue con el objetivo de homologar la renovaci\u00f3n de los \u00f3rganos internos del partido. Es decir, nosotros los Delegados que fuimos elegidos por la misma militancia en cada Distrito, nuestro periodo acababa el siguiente a\u00f1o, en el 2025, pero con el objetivo de homologar y que salgamos de funciones todos los que estamos integrando actualmente nuestras funciones dentro del partido, lo hagamos al mismo tiempo en el a\u00f1o 2027. Ah\u00ed mismo, todos los que asistimos renovamos nuestro compromiso para seguir sirviendo al partido&#8221;, expres\u00f3 Maritza Cantarell Castillo, delegada municipal de Morena en Veracruz.<\/p>\n\n\n\n<p>Una vez tomadas estas decisiones internas del partido Morena a nivel nacional, se vislumbra otro Congreso Nacional en fechas a\u00fan por definir, para detallar el rumbo del partido de cara a los pr\u00f3ximos procesos electorales.<\/p>\n","protected":false},"excerpt":{"rendered":"<p>Alejandro \u00c1vila Veracruz, Ver.- Este pasado fin de semana la dirigencia nacional de Morena decidi\u00f3 extender la vigencia de las funciones de los Consejeros Nacionales y Estatales, por lo que todos terminar\u00e1n sus funciones el 1 octubre del 2027. En primera instancia, los m\u00e1s de tres mil Consejeros Nacionales y Estatales que acudieron a la [&hellip;]<\/p>\n","protected":false},"author":2476,"featured_media":58818,"comment_status":"open","ping_status":"open","sticky":false,"template":"","format":"standard","meta":{"_jetpack_memberships_contains_paid_content":false,"footnotes":""},"categories":[2],"tags":[],"class_list":["post-58817","post","type-post","status-publish","format-standard","has-post-thumbnail","hentry","category-estado"],"jetpack_featured_media_url":"https:\/\/encuentroinformativo.com.mx\/wp-content\/uploads\/2024\/09\/IMG-20240923-WA0019.jpg","jetpack_sharing_enabled":true,"jetpack_likes_enabled":true,"amp_enabled":true,"_links":{"self":[{"href":"https:\/\/encuentroinformativo.com.mx\/index.php?rest_route=\/wp\/v2\/posts\/58817","targetHints":{"allow":["GET"]}}],"collection":[{"href":"https:\/\/encuentroinformativo.com.mx\/index.php?rest_route=\/wp\/v2\/posts"}],"about":[{"href":"https:\/\/encuentroinformativo.com.mx\/index.php?rest_route=\/wp\/v2\/types\/post"}],"author":[{"embeddable":true,"href":"https:\/\/encuentroinformativo.com.mx\/index.php?rest_route=\/wp\/v2\/users\/2476"}],"replies":[{"embeddable":true,"href":"https:\/\/encuentroinformativo.com.mx\/index.php?rest_route=%2Fwp%2Fv2%2Fcomments&post=58817"}],"version-history":[{"count":1,"href":"https:\/\/encuentroinformativo.com.mx\/index.php?rest_route=\/wp\/v2\/posts\/58817\/revisions"}],"predecessor-version":[{"id":58819,"href":"https:\/\/encuentroinformativo.com.mx\/index.php?rest_route=\/wp\/v2\/posts\/58817\/revisions\/58819"}],"wp:featuredmedia":[{"embeddable":true,"href":"https:\/\/encuentroinformativo.com.mx\/index.php?rest_route=\/wp\/v2\/media\/58818"}],"wp:attachment":[{"href":"https:\/\/encuentroinformativo.com.mx\/index.php?rest_route=%2Fwp%2Fv2%2Fmedia&parent=58817"}],"wp:term":[{"taxonomy":"category","embeddable":true,"href":"https:\/\/encuentroinformativo.com.mx\/index.php?rest_route=%2Fwp%2Fv2%2Fcategories&post=58817"},{"taxonomy":"post_tag","embeddable":true,"href":"https:\/\/encuentroinformativo.com.mx\/index.php?rest_route=%2Fwp%2Fv2%2Ftags&post=58817"}],"curies":[{"name":"wp","href":"https:\/\/api.w.org\/{rel}","templated":true}]}}