{"id":5882,"date":"2020-09-16T10:42:59","date_gmt":"2020-09-16T15:42:59","guid":{"rendered":"https:\/\/encuentroinformativo.com.mx\/?p=5882"},"modified":"2020-09-16T10:43:02","modified_gmt":"2020-09-16T15:43:02","slug":"hablan-de-ellos-para-la-alcaldia","status":"publish","type":"post","link":"https:\/\/encuentroinformativo.com.mx\/?p=5882","title":{"rendered":"Hablan de ellos para la alcald\u00eda"},"content":{"rendered":"\n<p><strong>Los Pol\u00edticos<\/strong><\/p>\n\n\n\n<p><strong>Salvador Mu\u00f1oz<\/strong><\/p>\n\n\n\n<p>La moneda de nuestra inconformidad nos obliga a demandar caras nuevas, frescas en el \u00e1mbito electoral, pero a la vez, caras viejas conocidas; tambi\u00e9n est\u00e1n aqu\u00e9llas que est\u00e1n presentes en el colectivo social, sea por sus acciones, sus balcones o hasta su familia considerada en el entorno, familia de bien\u2026 o hasta de bienes.<\/p>\n\n\n\n<p>Una de estas caras frescas nos la reclamaron los coatepecanos: Joaqu\u00edn Alc\u00e1ntara Ceballos, hijo del legendario Joaqu\u00edn \u201cUrsus\u201d Alc\u00e1ntara (qepd). Tanto vecinos de Zimpizahua como del Pueblo M\u00e1gico le ven espolones a Joaqu\u00edn para contender por la presidencia municipal, \u00a1y ojo! porque no est\u00e1n viendo un partido en especial, sino a un personaje. Quiz\u00e1s por eso ya algunos pol\u00edticos lo han buscado para encaminarlo a una candidatura.<\/p>\n\n\n\n<p>Un caso similar ocurre entre los alte\u00f1os con Elena C\u00f3rdova Molina. Una joven que desde que estaba en prepa incursion\u00f3 en la pol\u00edtica pero enfilada totalmente su actividad siempre pensando en su terru\u00f1o, en su gente, en Mesa de 24, en Alto Lucero. No en balde trabaj\u00f3 en Sagarpa y estuvo en la CNC. Su actividad social no es de ahora\u2026 lleva a\u00f1os cerca de este municipio con el que se siente en deuda, por lo mucho que le ha dado su gente, su familia, su padre y madre. Sabe del trabajo de campo, pero tambi\u00e9n lo que es fletarse vendiendo zapatos por cat\u00e1logo o ropa de paca. Mesa de 24 y Alto Lucero la conocen, saben que es una mujer hecha de esfuerzo, de trabajo\u2026 y s\u00ed, en ella tambi\u00e9n ven una opci\u00f3n, m\u00e1s ahora que Elena se define por s\u00ed, sin ismos, sin siglas, sin colores.&nbsp;<\/p>\n\n\n\n<p>En el PRD aparece Myriam Lagunes Mar\u00edn, secretaria de Igualdad de G\u00e9nero. M\u00e1s que enfocar a esta vecina de San Rafael en el Sol Azteca, hay que verla desde el lado de su lucha social en el \u00e1mbito de la cartera que tiene en tal partido. Hay quienes ven en ella la posibilidad de ser candidata por su municipio, pero sin que sea responsable de ello, tiene dos enormes obst\u00e1culos que le hacen ruido a esa opci\u00f3n: su hermano Luis Daniel e i s el actual presidente de San Rafael. Si bien, en muchos municipios ser\u00eda \u201cnormal\u201d esta transici\u00f3n familiar, en este caso no, por otro ligero detalle: el padre de ambos, H\u00e9ctor Lagunes Reyes, quien quiere ser de nuevo alcalde, es predecesor de Luis Daniel. El asunto no termina ah\u00ed, sino en que Myriam Lagunes estaba encaminada en la pasada elecci\u00f3n a ser candidata, pero por una cuesti\u00f3n familiar y de g\u00e9nero, se le dio paso a su hermano \u201cpor ser hombre\u201d. Han pasado cuatro a\u00f1os, ojal\u00e1 haya cambiado la forma de pensar de don H\u00e9ctor\u2026 aunque Myriam es seguro que hoy tenga m\u00e1s opciones que la candidatura a la alcald\u00eda.<br>Por cierto, hablando del PRD, en Catemaco, bajo las siglas de este partido, ya hay quienes citan a Juan Jos\u00e9 Rosario Morales, como candidato a la alcald\u00eda. Algo similar ocurre con el caso de arriba: Juan Jos\u00e9 es cu\u00f1ado del presidente municipal Julio C\u00e9sar Ortega Serrano. El detalle es que el edil impulsa a su tambi\u00e9n director del DIF municipal, para que compita por Morena&#8230;<\/p>\n\n\n\n<p>\u00bfArmando Xalapa? Si es un eslogan, estar\u00eda muy ad hoc a los tiempos que se viven en la capital de Veracruz donde desde el Gobierno estatal y municipal nom\u00e1s no se ve que la \u201carmen\u201d.<\/p>\n\n\n\n<p>Este eslogan surgido entre amigos, es porque ven en Armando Adriano Fabre a un ciudadano con espolones para competir bajo las siglas de cualquier partido por la presidencia municipal de Xalapa. El Notario, adem\u00e1s de experiencia administrativa (que tanto nos urge para no andar regresando lana, sino al contrario, bajando lana), goza de prestigio, al grado de que fue de los pocos que le renunciaron a Javier Duarte cuando estuvo al frente de Pensiones del Estado\u2026 all\u00e1 usted imagine el porqu\u00e9. \u00bfArmando Xalapa? No est\u00e1 mal para eslogan. \u00a1Que lo registre de una vez el Notario!<\/p>\n\n\n\n<p>Y para cerrar esta columna: Juan Manuel Diez Francos. Uno de los mejores alcaldes que ha tenido el PRI, no s\u00f3lo en Orizaba, o en Veracruz, sino en el pa\u00eds. \u00bfY cu\u00e1l es la novedad? El fuerte rumor de que si compite por la alcald\u00eda, lo har\u00eda de manera independiente\u2026 aqu\u00ed la pregunta es si es as\u00ed: \u00bfel orizabe\u00f1o har\u00eda a un lado los partidos y apostar\u00eda a un ciudadano sin colores, siglas ni ismos?<\/p>\n\n\n\n<p><a href=\"mailto:smcainito@gmail.com\" target=\"_blank\" rel=\"noreferrer noopener\">smcainito@gmail.com<\/a><\/p>\n","protected":false},"excerpt":{"rendered":"<p>Los Pol\u00edticos Salvador Mu\u00f1oz La moneda de nuestra inconformidad nos obliga a demandar caras nuevas, frescas en el \u00e1mbito electoral, pero a la vez, caras viejas conocidas; tambi\u00e9n est\u00e1n aqu\u00e9llas que est\u00e1n presentes en el colectivo social, sea por sus acciones, sus balcones o hasta su familia considerada en el entorno, familia de bien\u2026 o [&hellip;]<\/p>\n","protected":false},"author":1,"featured_media":387,"comment_status":"open","ping_status":"open","sticky":false,"template":"","format":"aside","meta":{"_jetpack_memberships_contains_paid_content":false,"footnotes":""},"categories":[11],"tags":[],"class_list":["post-5882","post","type-post","status-publish","format-aside","has-post-thumbnail","hentry","category-opinion","post_format-post-format-aside"],"jetpack_featured_media_url":"https:\/\/encuentroinformativo.com.mx\/wp-content\/uploads\/2020\/03\/7CF8A22B-2764-47BE-8F7F-38FE9E5D6A2F.jpeg","jetpack_sharing_enabled":true,"jetpack_likes_enabled":true,"amp_enabled":true,"_links":{"self":[{"href":"https:\/\/encuentroinformativo.com.mx\/index.php?rest_route=\/wp\/v2\/posts\/5882","targetHints":{"allow":["GET"]}}],"collection":[{"href":"https:\/\/encuentroinformativo.com.mx\/index.php?rest_route=\/wp\/v2\/posts"}],"about":[{"href":"https:\/\/encuentroinformativo.com.mx\/index.php?rest_route=\/wp\/v2\/types\/post"}],"author":[{"embeddable":true,"href":"https:\/\/encuentroinformativo.com.mx\/index.php?rest_route=\/wp\/v2\/users\/1"}],"replies":[{"embeddable":true,"href":"https:\/\/encuentroinformativo.com.mx\/index.php?rest_route=%2Fwp%2Fv2%2Fcomments&post=5882"}],"version-history":[{"count":1,"href":"https:\/\/encuentroinformativo.com.mx\/index.php?rest_route=\/wp\/v2\/posts\/5882\/revisions"}],"predecessor-version":[{"id":5883,"href":"https:\/\/encuentroinformativo.com.mx\/index.php?rest_route=\/wp\/v2\/posts\/5882\/revisions\/5883"}],"wp:featuredmedia":[{"embeddable":true,"href":"https:\/\/encuentroinformativo.com.mx\/index.php?rest_route=\/wp\/v2\/media\/387"}],"wp:attachment":[{"href":"https:\/\/encuentroinformativo.com.mx\/index.php?rest_route=%2Fwp%2Fv2%2Fmedia&parent=5882"}],"wp:term":[{"taxonomy":"category","embeddable":true,"href":"https:\/\/encuentroinformativo.com.mx\/index.php?rest_route=%2Fwp%2Fv2%2Fcategories&post=5882"},{"taxonomy":"post_tag","embeddable":true,"href":"https:\/\/encuentroinformativo.com.mx\/index.php?rest_route=%2Fwp%2Fv2%2Ftags&post=5882"}],"curies":[{"name":"wp","href":"https:\/\/api.w.org\/{rel}","templated":true}]}}