{"id":58820,"date":"2024-09-23T12:33:06","date_gmt":"2024-09-23T18:33:06","guid":{"rendered":"https:\/\/encuentroinformativo.com.mx\/?p=58820"},"modified":"2024-09-23T12:33:11","modified_gmt":"2024-09-23T18:33:11","slug":"rawayana-se-pone-la-del-tibu-y-enloquece-a-veracruz","status":"publish","type":"post","link":"https:\/\/encuentroinformativo.com.mx\/?p=58820","title":{"rendered":"Rawayana se pone la del Tibu y enloquece a Veracruz"},"content":{"rendered":"\n<p><strong>Alejandro \u00c1vila<\/strong><\/p>\n\n\n\n<p>Veracruz, Ver.- Durante el segundo acto del concierto de Rawayana, el vocalista Beto Montenegro sali\u00f3 enfundado en la casaca de los Tiburones Rojos, situaci\u00f3n que enloqueci\u00f3 a los veracruzanos.<\/p>\n\n\n\n<p>La agrupaci\u00f3n venezolana arm\u00f3 tremenda fiesta en la Arena Veracruz el pasado s\u00e1bado 21 de septiembre, fecha que quedar\u00e1 marcada por la gozadera que arm\u00f3 la banda caraque\u00f1a con su tour &#8220;Qui\u00e9n trae las Cornetas\u201d.<\/p>\n\n\n\n<p>Desde el momento en que las luces de la Arena Veracruz se atenuaron y los primeros acordes resonaron en el aire, los presentes supieron que vivir\u00edan una experiencia \u00fanica. El concierto comenz\u00f3 con \u201cNada Malo\u201d y una selecci\u00f3n diversa de canciones, incluyendo \u201cPalmera del Desierto\u201d, \u201cTucanas\u201d, \u201cVenganse I\u201d, \u201cVenganse II\u201d e \u201cIncomprendido\u201d, por citar s\u00f3lo algunas.<\/p>\n\n\n\n<p>En esta su primera vez en Veracruz, Rawayana mostr\u00f3 su versatilidad al interpretar canciones que abarcan desde el reggae hasta el funk, pasando por el rock y los ritmos caribe\u00f1os, demostrando as\u00ed su amplio alcance musical y su habilidad para cautivar a cualquier tipo de p\u00fablico.<\/p>\n\n\n\n<p>Sin duda alguna Rawayana se ha convertido en una de las bandas con mayor desarrollo en Am\u00e9rica Latina y Europa, con una apuesta musical \u00fanica y potente en sus shows en vivo y su marca art\u00edstica.<\/p>\n\n\n\n<p>La banda cerr\u00f3 su setlist con sus \u00e9xitos ic\u00f3nicos como: \u201cFunky Fiesta\u201d y \u201cS\u00e1dico\u201d, as\u00ed como temas de su \u00faltimo \u00e1lbum \u201c\u00bfQui\u00e9n trae las cornetas?\u201d. El show culmin\u00f3 con el tema \u201cDame un Break\u201d, uno de los m\u00e1s coreados de la noche.<\/p>\n\n\n\n<p>Cabe destacar la loable labor de las empresas del entretenimiento RECA Producciones y M\u00c1S Conciertos, quienes no escatimaron recursos para que el tour \u00bfQui\u00e9n trae las cornetas?, de Rawayana, fuera un \u00e9xito y quedara como precedente su primer concierto en tierras veracruzanas.<\/p>\n","protected":false},"excerpt":{"rendered":"<p>Alejandro \u00c1vila Veracruz, Ver.- Durante el segundo acto del concierto de Rawayana, el vocalista Beto Montenegro sali\u00f3 enfundado en la casaca de los Tiburones Rojos, situaci\u00f3n que enloqueci\u00f3 a los veracruzanos. La agrupaci\u00f3n venezolana arm\u00f3 tremenda fiesta en la Arena Veracruz el pasado s\u00e1bado 21 de septiembre, fecha que quedar\u00e1 marcada por la gozadera que [&hellip;]<\/p>\n","protected":false},"author":2476,"featured_media":58821,"comment_status":"open","ping_status":"open","sticky":false,"template":"","format":"standard","meta":{"_jetpack_memberships_contains_paid_content":false,"footnotes":""},"categories":[2],"tags":[],"class_list":["post-58820","post","type-post","status-publish","format-standard","has-post-thumbnail","hentry","category-estado"],"jetpack_featured_media_url":"https:\/\/encuentroinformativo.com.mx\/wp-content\/uploads\/2024\/09\/IMG-20240923-WA00222.jpg","jetpack_sharing_enabled":true,"jetpack_likes_enabled":true,"amp_enabled":true,"_links":{"self":[{"href":"https:\/\/encuentroinformativo.com.mx\/index.php?rest_route=\/wp\/v2\/posts\/58820","targetHints":{"allow":["GET"]}}],"collection":[{"href":"https:\/\/encuentroinformativo.com.mx\/index.php?rest_route=\/wp\/v2\/posts"}],"about":[{"href":"https:\/\/encuentroinformativo.com.mx\/index.php?rest_route=\/wp\/v2\/types\/post"}],"author":[{"embeddable":true,"href":"https:\/\/encuentroinformativo.com.mx\/index.php?rest_route=\/wp\/v2\/users\/2476"}],"replies":[{"embeddable":true,"href":"https:\/\/encuentroinformativo.com.mx\/index.php?rest_route=%2Fwp%2Fv2%2Fcomments&post=58820"}],"version-history":[{"count":1,"href":"https:\/\/encuentroinformativo.com.mx\/index.php?rest_route=\/wp\/v2\/posts\/58820\/revisions"}],"predecessor-version":[{"id":58822,"href":"https:\/\/encuentroinformativo.com.mx\/index.php?rest_route=\/wp\/v2\/posts\/58820\/revisions\/58822"}],"wp:featuredmedia":[{"embeddable":true,"href":"https:\/\/encuentroinformativo.com.mx\/index.php?rest_route=\/wp\/v2\/media\/58821"}],"wp:attachment":[{"href":"https:\/\/encuentroinformativo.com.mx\/index.php?rest_route=%2Fwp%2Fv2%2Fmedia&parent=58820"}],"wp:term":[{"taxonomy":"category","embeddable":true,"href":"https:\/\/encuentroinformativo.com.mx\/index.php?rest_route=%2Fwp%2Fv2%2Fcategories&post=58820"},{"taxonomy":"post_tag","embeddable":true,"href":"https:\/\/encuentroinformativo.com.mx\/index.php?rest_route=%2Fwp%2Fv2%2Ftags&post=58820"}],"curies":[{"name":"wp","href":"https:\/\/api.w.org\/{rel}","templated":true}]}}