{"id":58823,"date":"2024-09-23T12:51:46","date_gmt":"2024-09-23T18:51:46","guid":{"rendered":"https:\/\/encuentroinformativo.com.mx\/?p=58823"},"modified":"2024-09-23T12:51:51","modified_gmt":"2024-09-23T18:51:51","slug":"weekend-in-fashion-mexico-internacionalizara-a-veracruz-a-traves-de-la-moda","status":"publish","type":"post","link":"https:\/\/encuentroinformativo.com.mx\/?p=58823","title":{"rendered":"Weekend In Fashion M\u00e9xico internacionalizar\u00e1 a Veracruz a trav\u00e9s de la moda"},"content":{"rendered":"\n<p><strong>Alejandro \u00c1vila<\/strong><\/p>\n\n\n\n<p>Veracruz, Ver.- Con el firme objetivo de catapultar a Veracruz como la capital emergente de la moda en M\u00e9xico, es que el jueves 3 de octubre se llevar\u00e1 a cabo por cuarto a\u00f1o consecutivo el Weekend In Fashion M\u00e9xico.<\/p>\n\n\n\n<p>La gala de moda m\u00e1s importante de M\u00e9xico en Veracruz reunir\u00e1 a cuatro dise\u00f1adores nacionales con reconocimiento global presentando sus nuevas colecciones: Galo Bertin, Guillermo Jester, V\u00edctor &amp; Jesse y Cristian Divat (calzado expertos en reinas de belleza).<\/p>\n\n\n\n<p>\u201cWeekend In Fashion M\u00e9xico by Grupo Brisas es un evento exclusivo que busca catapultar a Veracruz como la capital emergente de la moda en M\u00e9xico (\u2026) A trav\u00e9s de una serie de pasarelas y actividades de moda, el evento reunir\u00e1 a los nombres m\u00e1s prestigiosos del dise\u00f1o mexicano, quienes tienen una proyecci\u00f3n internacional, consolidando as\u00ed a Veracruz como un nuevo epicentro de la creatividad y el estilo\u201d, comento en la conferencia de prensa Claudia Ortiz, directora general del Weekend In Fashion M\u00e9xico.<\/p>\n\n\n\n<p>Durante la conferencia de prensa se dijo que el objetivo con Weekend In Fashion M\u00e9xico es posicionar a Veracruz como un referente de la moda a nivel nacional e internacional\u2026 \u201cQueremos demostrar que la regi\u00f3n no solo es un destino tur\u00edstico de primer nivel, sino tambi\u00e9n un espacio vibrante y moderno donde la moda cobra vida\u201d.<\/p>\n\n\n\n<p>Por su parte Abraham Neri, Director de Producci\u00f3n Audiovisual agreg\u00f3: \u201cEste evento, Weekend In Fashion M\u00e9xico servir\u00e1 como plataforma para que dise\u00f1adores nacionales con reconocimiento global presenten sus \u00faltimas colecciones\u201d.<\/p>\n\n\n\n<p>Estuvo tambi\u00e9n presente en la conferencia de prensa el dise\u00f1ador Galo Bertin as\u00ed como Cristian Divat, director general de la marca de calzado del mismo nombre.<\/p>\n\n\n\n<p>Ambos comentaron ante la prensa estar emocionados de presentar sus colecciones en este gran evento de moda, plataforma que permite proyectar el trabajo y creatividad de los dise\u00f1adores mexicanos.<\/p>\n\n\n\n<p>La gala de moda Weekend In Fashion M\u00e9xico se llevar\u00e1 a cabo el jueves 3 de octubre a las 20:00 horas en el hotel Galer\u00eda Plaza de Boca del R\u00edo. Es un evento gratuito con invitaci\u00f3n.<\/p>\n","protected":false},"excerpt":{"rendered":"<p>Alejandro \u00c1vila Veracruz, Ver.- Con el firme objetivo de catapultar a Veracruz como la capital emergente de la moda en M\u00e9xico, es que el jueves 3 de octubre se llevar\u00e1 a cabo por cuarto a\u00f1o consecutivo el Weekend In Fashion M\u00e9xico. La gala de moda m\u00e1s importante de M\u00e9xico en Veracruz reunir\u00e1 a cuatro dise\u00f1adores [&hellip;]<\/p>\n","protected":false},"author":2476,"featured_media":58824,"comment_status":"open","ping_status":"open","sticky":false,"template":"","format":"standard","meta":{"_jetpack_memberships_contains_paid_content":false,"footnotes":""},"categories":[2],"tags":[],"class_list":["post-58823","post","type-post","status-publish","format-standard","has-post-thumbnail","hentry","category-estado"],"jetpack_featured_media_url":"https:\/\/encuentroinformativo.com.mx\/wp-content\/uploads\/2024\/09\/IMG-20240923-WA00282.jpg","jetpack_sharing_enabled":true,"jetpack_likes_enabled":true,"amp_enabled":true,"_links":{"self":[{"href":"https:\/\/encuentroinformativo.com.mx\/index.php?rest_route=\/wp\/v2\/posts\/58823","targetHints":{"allow":["GET"]}}],"collection":[{"href":"https:\/\/encuentroinformativo.com.mx\/index.php?rest_route=\/wp\/v2\/posts"}],"about":[{"href":"https:\/\/encuentroinformativo.com.mx\/index.php?rest_route=\/wp\/v2\/types\/post"}],"author":[{"embeddable":true,"href":"https:\/\/encuentroinformativo.com.mx\/index.php?rest_route=\/wp\/v2\/users\/2476"}],"replies":[{"embeddable":true,"href":"https:\/\/encuentroinformativo.com.mx\/index.php?rest_route=%2Fwp%2Fv2%2Fcomments&post=58823"}],"version-history":[{"count":1,"href":"https:\/\/encuentroinformativo.com.mx\/index.php?rest_route=\/wp\/v2\/posts\/58823\/revisions"}],"predecessor-version":[{"id":58825,"href":"https:\/\/encuentroinformativo.com.mx\/index.php?rest_route=\/wp\/v2\/posts\/58823\/revisions\/58825"}],"wp:featuredmedia":[{"embeddable":true,"href":"https:\/\/encuentroinformativo.com.mx\/index.php?rest_route=\/wp\/v2\/media\/58824"}],"wp:attachment":[{"href":"https:\/\/encuentroinformativo.com.mx\/index.php?rest_route=%2Fwp%2Fv2%2Fmedia&parent=58823"}],"wp:term":[{"taxonomy":"category","embeddable":true,"href":"https:\/\/encuentroinformativo.com.mx\/index.php?rest_route=%2Fwp%2Fv2%2Fcategories&post=58823"},{"taxonomy":"post_tag","embeddable":true,"href":"https:\/\/encuentroinformativo.com.mx\/index.php?rest_route=%2Fwp%2Fv2%2Ftags&post=58823"}],"curies":[{"name":"wp","href":"https:\/\/api.w.org\/{rel}","templated":true}]}}