{"id":58826,"date":"2024-09-23T13:30:26","date_gmt":"2024-09-23T19:30:26","guid":{"rendered":"https:\/\/encuentroinformativo.com.mx\/?p=58826"},"modified":"2024-09-23T13:30:31","modified_gmt":"2024-09-23T19:30:31","slug":"se-prepara-pri-para-eleccion-de-alcaldias-senala-dirigente","status":"publish","type":"post","link":"https:\/\/encuentroinformativo.com.mx\/?p=58826","title":{"rendered":"Se prepara PRI para elecci\u00f3n de alcald\u00edas, se\u00f1ala dirigente"},"content":{"rendered":"\n<p><strong>Dar\u00edo Pale <\/strong><\/p>\n\n\n\n<p>Xalapa, Ver.- El presidente del Comit\u00e9 Directivo Estatal del Partido Revolucionario Institucional (PRI) en Veracruz Adolfo Ram\u00edrez Arana, asegur\u00f3 que el presidente Andr\u00e9s Manuel L\u00f3pez Obrador, &#8220;est\u00e1 cosechando lo que sembr\u00f3&#8221; en relaci\u00f3n al &#8220;botellazo&#8221; que recibi\u00f3 en su \u00faltima gira en Veracruz y que el gobernador Cuitl\u00e1huac Garc\u00eda Jim\u00e9nez, logr\u00f3 desviar.<\/p>\n\n\n\n<p>&#8220;El presidente\u00a0 est\u00e1 cosechando lo que sembr\u00f3, que es una reforma totalmente inadecuada,\u00a0 que ni la sociedad civil ni el Poder Judicial le caen bien, que la impuso a toda costa,\u00a0 que no se le cambi\u00f3 ni una coma y que no debe de ser en este pa\u00eds&#8221;, se\u00f1al\u00f3.<\/p>\n\n\n\n<p>En entrevista, luego de realizar la guardia de honor a los H\u00e9roes Patrios en el parque de Los Berros, el l\u00edder pri\u00edsta precis\u00f3 que todo es producto del desequilibrio que hay en la c\u00e1mara de diputados y senadores.<\/p>\n\n\n\n<p>Tienen sobrerrepresentaci\u00f3n y es peligroso para M\u00e9xico porque van a poder cambiar las leyes a su antojo y eso no debe de ser posible. Los pri\u00edstas nos manifestamos en contra de la Reforma judicial &#8220;nos mantuvimos firmes,\u00a0 fuimos el \u00fanico partido que no se quebr\u00f3,\u00a0 ning\u00fan diputado,\u00a0 ning\u00fan senador,\u00a0 lo cual reconocemos en el liderazgo de Alejandro Moreno y que estamos del lado de la sociedad y as\u00ed lo seguiremos haciendo seremos una oposici\u00f3n firme responsable cr\u00edtica constructiva pero inquebrantable&#8221;.<\/p>\n\n\n\n<p>En otro orden de ideas, dijo que en el partido se encuentran preparados para ir en coalici\u00f3n o no, aunque se\u00f1al\u00f3 que esta es una opci\u00f3n que aun se analiza.<\/p>\n\n\n\n<p>\u201cEn el PRI hay cientos de valientes con convicci\u00f3n, cientos de militantes valiosos que saben hacer su trabajo y hacer campa\u00f1a y que van a saber gobernar perfectamente, el PRI va a dar la batalla de frente y s\u00f3lido, con coalici\u00f3n\u00a0 y sin coalici\u00f3n estamos preparados\u201d, asever\u00f3.<br>En este sentido, precis\u00f3 que ya se preparan con 212 candidatos y candidatas que pudieran representar al partido en las siguientes elecciones.<\/p>\n\n\n\n<p>\u201cEstamos analiz\u00e1ndolo, pero nos estamos preparando para tener 212 candidatos y candidatas y que sean los mejores y que vayamos a la contienda y que podamos vencer\u201d, coment\u00f3.<\/p>\n\n\n\n<p>Asimismo, explic\u00f3 que se tienen pl\u00e1ticas constantes con otros liderazgos e incluso dijo que militantes del extinto Partido de la Revoluci\u00f3n Democr\u00e1tica (PRD) se han afiliado ya al PRI, por lo que ser\u00e1n tomados en cuenta.<\/p>\n\n\n\n<p>\u201cEstamos en pl\u00e1ticas constantes, no necesita iniciar el proceso electoral, tenemos pl\u00e1ticas, hay un ala del PRD que se viene al PRI y nos est\u00e1n ayudando con militantes valiosos y que son bienvenidos y donde tengan capital pol\u00edtico sin duda ser\u00e1n tomados en cuenta, estamos en pl\u00e1ticas y se est\u00e1n uniendo para afiliarse al PRI\u201d, sostuvo.<\/p>\n\n\n\n<p>Finalmente, asegur\u00f3 que se revisar\u00e1n bien los perfiles, pues deben ser leales, trabajadores, honestos y que puedan ganar la elecci\u00f3n.<\/p>\n","protected":false},"excerpt":{"rendered":"<p>Dar\u00edo Pale Xalapa, Ver.- El presidente del Comit\u00e9 Directivo Estatal del Partido Revolucionario Institucional (PRI) en Veracruz Adolfo Ram\u00edrez Arana, asegur\u00f3 que el presidente Andr\u00e9s Manuel L\u00f3pez Obrador, &#8220;est\u00e1 cosechando lo que sembr\u00f3&#8221; en relaci\u00f3n al &#8220;botellazo&#8221; que recibi\u00f3 en su \u00faltima gira en Veracruz y que el gobernador Cuitl\u00e1huac Garc\u00eda Jim\u00e9nez, logr\u00f3 desviar. &#8220;El [&hellip;]<\/p>\n","protected":false},"author":2476,"featured_media":58827,"comment_status":"open","ping_status":"open","sticky":false,"template":"","format":"standard","meta":{"_jetpack_memberships_contains_paid_content":false,"footnotes":""},"categories":[2],"tags":[],"class_list":["post-58826","post","type-post","status-publish","format-standard","has-post-thumbnail","hentry","category-estado"],"jetpack_featured_media_url":"https:\/\/encuentroinformativo.com.mx\/wp-content\/uploads\/2024\/09\/IMG-20240923-WA0034.jpg","jetpack_sharing_enabled":true,"jetpack_likes_enabled":true,"amp_enabled":true,"_links":{"self":[{"href":"https:\/\/encuentroinformativo.com.mx\/index.php?rest_route=\/wp\/v2\/posts\/58826","targetHints":{"allow":["GET"]}}],"collection":[{"href":"https:\/\/encuentroinformativo.com.mx\/index.php?rest_route=\/wp\/v2\/posts"}],"about":[{"href":"https:\/\/encuentroinformativo.com.mx\/index.php?rest_route=\/wp\/v2\/types\/post"}],"author":[{"embeddable":true,"href":"https:\/\/encuentroinformativo.com.mx\/index.php?rest_route=\/wp\/v2\/users\/2476"}],"replies":[{"embeddable":true,"href":"https:\/\/encuentroinformativo.com.mx\/index.php?rest_route=%2Fwp%2Fv2%2Fcomments&post=58826"}],"version-history":[{"count":1,"href":"https:\/\/encuentroinformativo.com.mx\/index.php?rest_route=\/wp\/v2\/posts\/58826\/revisions"}],"predecessor-version":[{"id":58828,"href":"https:\/\/encuentroinformativo.com.mx\/index.php?rest_route=\/wp\/v2\/posts\/58826\/revisions\/58828"}],"wp:featuredmedia":[{"embeddable":true,"href":"https:\/\/encuentroinformativo.com.mx\/index.php?rest_route=\/wp\/v2\/media\/58827"}],"wp:attachment":[{"href":"https:\/\/encuentroinformativo.com.mx\/index.php?rest_route=%2Fwp%2Fv2%2Fmedia&parent=58826"}],"wp:term":[{"taxonomy":"category","embeddable":true,"href":"https:\/\/encuentroinformativo.com.mx\/index.php?rest_route=%2Fwp%2Fv2%2Fcategories&post=58826"},{"taxonomy":"post_tag","embeddable":true,"href":"https:\/\/encuentroinformativo.com.mx\/index.php?rest_route=%2Fwp%2Fv2%2Ftags&post=58826"}],"curies":[{"name":"wp","href":"https:\/\/api.w.org\/{rel}","templated":true}]}}