{"id":58854,"date":"2024-09-24T11:43:52","date_gmt":"2024-09-24T17:43:52","guid":{"rendered":"https:\/\/encuentroinformativo.com.mx\/?p=58854"},"modified":"2024-09-24T11:43:58","modified_gmt":"2024-09-24T17:43:58","slug":"familiares-de-adan-joven-asesinado-por-su-primo-en-soledad-de-doblado-exigen-justicia","status":"publish","type":"post","link":"https:\/\/encuentroinformativo.com.mx\/?p=58854","title":{"rendered":"Familiares de Ad\u00e1n, joven asesinado por su primo en Soledad de Doblado exigen justicia"},"content":{"rendered":"\n<p><strong>Alejandro \u00c1vila<\/strong><\/p>\n\n\n\n<p>Soledad de Doblado, Ver.- Familiares del joven, Ad\u00e1n Vallejo Ramos, exigieron justicia tras su asesinato a manos de su primo, de qui\u00e9n se\u00f1alan es trabajador de la empresa Tenaris Tamsa y parte del Comit\u00e9 Directivo del Sindicato que comanda, C\u00e1ndido Canseco Castro.<\/p>\n\n\n\n<p>Habitantes de la comunidad de Las Remojadas y Paso de Las Pintas del municipio de Soledad de Doblado, marcharon este fin de semana con el f\u00e9retro del joven; seg\u00fan familiares, mencionan que los hechos se dieron el pasado viernes 13 del presente mes en la localidad de Paso de Las Pintas, cuando el hoy occiso Ad\u00e1n Vallejo se encontraba con un grupo de amigos asando y comiendo elotes de su propia cosecha, todos estaban en sana armon\u00eda hasta que apareci\u00f3 Eduardo S.C. cerca de la media noche, primo cercano, y comenz\u00f3 a amagar a los presentes con arma de fuego, el agresor llego en estado de ebriedad y pese a que hab\u00eda ni\u00f1os tambi\u00e9n en el lugar no dejaba de amenazar con pistola en mano.<\/p>\n\n\n\n<p>Una vez que la situaci\u00f3n era m\u00e1s peligrosa para los asistentes, Ad\u00e1n Vallejo tratando de calmar la situaci\u00f3n se acerc\u00f3 a su primo y le pidi\u00f3 que guardar\u00e1 el arma, fue cuando de manera r\u00e1pida Eduardo C. le dispar\u00f3 a la altura de la cabeza dej\u00e1ndolo postrado en el suelo, al ver la situaci\u00f3n huy\u00f3 del lugar dejando a su primo debati\u00e9ndose entre la vida y la muerte, herido Ad\u00e1n, fue llevado a un hospital particular, pero los m\u00e9dicos dijeron que hab\u00eda pocas posibilidades de vida, ya que el proyectil perfor\u00f3 parte del cr\u00e1neo da\u00f1ando el cerebro.<\/p>\n\n\n\n<p>El joven Ad\u00e1n Vallejo Ramos de apenas 31 a\u00f1os de edad y de oficio alba\u00f1il, dej\u00f3 de existir el d\u00eda 20 de septiembre, dejando consternada a la poblaci\u00f3n, por lo que los familiares piden justicia y todo el peso de la ley para que el agresor.<\/p>\n","protected":false},"excerpt":{"rendered":"<p>Alejandro \u00c1vila Soledad de Doblado, Ver.- Familiares del joven, Ad\u00e1n Vallejo Ramos, exigieron justicia tras su asesinato a manos de su primo, de qui\u00e9n se\u00f1alan es trabajador de la empresa Tenaris Tamsa y parte del Comit\u00e9 Directivo del Sindicato que comanda, C\u00e1ndido Canseco Castro. Habitantes de la comunidad de Las Remojadas y Paso de Las [&hellip;]<\/p>\n","protected":false},"author":2476,"featured_media":58855,"comment_status":"open","ping_status":"open","sticky":false,"template":"","format":"standard","meta":{"_jetpack_memberships_contains_paid_content":false,"footnotes":""},"categories":[2],"tags":[],"class_list":["post-58854","post","type-post","status-publish","format-standard","has-post-thumbnail","hentry","category-estado"],"jetpack_featured_media_url":"https:\/\/encuentroinformativo.com.mx\/wp-content\/uploads\/2024\/09\/IMG-20240924-WA00862.jpg","jetpack_sharing_enabled":true,"jetpack_likes_enabled":true,"amp_enabled":true,"_links":{"self":[{"href":"https:\/\/encuentroinformativo.com.mx\/index.php?rest_route=\/wp\/v2\/posts\/58854","targetHints":{"allow":["GET"]}}],"collection":[{"href":"https:\/\/encuentroinformativo.com.mx\/index.php?rest_route=\/wp\/v2\/posts"}],"about":[{"href":"https:\/\/encuentroinformativo.com.mx\/index.php?rest_route=\/wp\/v2\/types\/post"}],"author":[{"embeddable":true,"href":"https:\/\/encuentroinformativo.com.mx\/index.php?rest_route=\/wp\/v2\/users\/2476"}],"replies":[{"embeddable":true,"href":"https:\/\/encuentroinformativo.com.mx\/index.php?rest_route=%2Fwp%2Fv2%2Fcomments&post=58854"}],"version-history":[{"count":1,"href":"https:\/\/encuentroinformativo.com.mx\/index.php?rest_route=\/wp\/v2\/posts\/58854\/revisions"}],"predecessor-version":[{"id":58856,"href":"https:\/\/encuentroinformativo.com.mx\/index.php?rest_route=\/wp\/v2\/posts\/58854\/revisions\/58856"}],"wp:featuredmedia":[{"embeddable":true,"href":"https:\/\/encuentroinformativo.com.mx\/index.php?rest_route=\/wp\/v2\/media\/58855"}],"wp:attachment":[{"href":"https:\/\/encuentroinformativo.com.mx\/index.php?rest_route=%2Fwp%2Fv2%2Fmedia&parent=58854"}],"wp:term":[{"taxonomy":"category","embeddable":true,"href":"https:\/\/encuentroinformativo.com.mx\/index.php?rest_route=%2Fwp%2Fv2%2Fcategories&post=58854"},{"taxonomy":"post_tag","embeddable":true,"href":"https:\/\/encuentroinformativo.com.mx\/index.php?rest_route=%2Fwp%2Fv2%2Ftags&post=58854"}],"curies":[{"name":"wp","href":"https:\/\/api.w.org\/{rel}","templated":true}]}}