{"id":58857,"date":"2024-09-24T11:47:41","date_gmt":"2024-09-24T17:47:41","guid":{"rendered":"https:\/\/encuentroinformativo.com.mx\/?p=58857"},"modified":"2024-09-24T11:47:46","modified_gmt":"2024-09-24T17:47:46","slug":"mono-blanco-y-son-de-madera-abriran-programa-artistico-del-festival-afrocaribeno-2024","status":"publish","type":"post","link":"https:\/\/encuentroinformativo.com.mx\/?p=58857","title":{"rendered":"Mono Blanco y Son de Madera abrir\u00e1n programa art\u00edstico del Festival Afrocaribe\u00f1o 2024"},"content":{"rendered":"\n<p><strong>Alejandro \u00c1vila<\/strong><\/p>\n\n\n\n<p>Veracruz, Ver.- La Secretar\u00eda de Cultura de Veracruz anunci\u00f3 que, el pr\u00f3ximo viernes 4 de octubre en el z\u00f3calo de la ciudad de Veracruz, las agrupaciones de son jarocho Mono Blanco y Son de Madera, abrir\u00e1n el programa art\u00edstico del Festival Afrocaribe\u00f1o 2024.<\/p>\n\n\n\n<p>Previo a su presentaci\u00f3n se realizar\u00e1 un desfile afrocaribe\u00f1o de comparsas del municipio de Cuitl\u00e1huac, y tambi\u00e9n habr\u00e1 una actividad art\u00edstica de la agrupaci\u00f3n cubana Oyu Oro; adem\u00e1s de Nuevos Danzones Veracruzanos de Dami\u00e1n B\u00e1ez.<\/p>\n\n\n\n<p>Zenen Zeferino y el Sonoro Sue\u00f1o, Gonzalo Romeu, y su Quinteto, Patricio Hidalgo y el Afrojarocho, Jacobo V\u00e9lez y la Mamba Negra, as\u00ed como la Orquesta Moscovita, tendr\u00e1n actividad los d\u00edas subsecuentes; cada noche Se cerrar\u00e1 con la improvisaci\u00f3n de destacados maestros versadores.<\/p>\n\n\n\n<p>En esta ocasi\u00f3n se destaca el municipio de Jamapa como sede alterna del Festival Afrocaribe\u00f1o 2024 que se realizar\u00e1 del 3 al 6 de octubre; y donde la medalla Gonzalo Aguirre Beltr\u00e1n ser\u00e1 entregada a la maestra Rosa Mar\u00eda Castro Salinas el pr\u00f3ximo jueves 3 de octubre, donde tambi\u00e9n cantar\u00e1 para el cierre de la velada, la colombiana Luc\u00eda Pulido.<\/p>\n","protected":false},"excerpt":{"rendered":"<p>Alejandro \u00c1vila Veracruz, Ver.- La Secretar\u00eda de Cultura de Veracruz anunci\u00f3 que, el pr\u00f3ximo viernes 4 de octubre en el z\u00f3calo de la ciudad de Veracruz, las agrupaciones de son jarocho Mono Blanco y Son de Madera, abrir\u00e1n el programa art\u00edstico del Festival Afrocaribe\u00f1o 2024. Previo a su presentaci\u00f3n se realizar\u00e1 un desfile afrocaribe\u00f1o de [&hellip;]<\/p>\n","protected":false},"author":2476,"featured_media":58858,"comment_status":"open","ping_status":"open","sticky":false,"template":"","format":"standard","meta":{"_jetpack_memberships_contains_paid_content":false,"footnotes":""},"categories":[2],"tags":[],"class_list":["post-58857","post","type-post","status-publish","format-standard","has-post-thumbnail","hentry","category-estado"],"jetpack_featured_media_url":"https:\/\/encuentroinformativo.com.mx\/wp-content\/uploads\/2024\/09\/IMG-20240924-WA0074.jpg","jetpack_sharing_enabled":true,"jetpack_likes_enabled":true,"amp_enabled":true,"_links":{"self":[{"href":"https:\/\/encuentroinformativo.com.mx\/index.php?rest_route=\/wp\/v2\/posts\/58857","targetHints":{"allow":["GET"]}}],"collection":[{"href":"https:\/\/encuentroinformativo.com.mx\/index.php?rest_route=\/wp\/v2\/posts"}],"about":[{"href":"https:\/\/encuentroinformativo.com.mx\/index.php?rest_route=\/wp\/v2\/types\/post"}],"author":[{"embeddable":true,"href":"https:\/\/encuentroinformativo.com.mx\/index.php?rest_route=\/wp\/v2\/users\/2476"}],"replies":[{"embeddable":true,"href":"https:\/\/encuentroinformativo.com.mx\/index.php?rest_route=%2Fwp%2Fv2%2Fcomments&post=58857"}],"version-history":[{"count":1,"href":"https:\/\/encuentroinformativo.com.mx\/index.php?rest_route=\/wp\/v2\/posts\/58857\/revisions"}],"predecessor-version":[{"id":58859,"href":"https:\/\/encuentroinformativo.com.mx\/index.php?rest_route=\/wp\/v2\/posts\/58857\/revisions\/58859"}],"wp:featuredmedia":[{"embeddable":true,"href":"https:\/\/encuentroinformativo.com.mx\/index.php?rest_route=\/wp\/v2\/media\/58858"}],"wp:attachment":[{"href":"https:\/\/encuentroinformativo.com.mx\/index.php?rest_route=%2Fwp%2Fv2%2Fmedia&parent=58857"}],"wp:term":[{"taxonomy":"category","embeddable":true,"href":"https:\/\/encuentroinformativo.com.mx\/index.php?rest_route=%2Fwp%2Fv2%2Fcategories&post=58857"},{"taxonomy":"post_tag","embeddable":true,"href":"https:\/\/encuentroinformativo.com.mx\/index.php?rest_route=%2Fwp%2Fv2%2Ftags&post=58857"}],"curies":[{"name":"wp","href":"https:\/\/api.w.org\/{rel}","templated":true}]}}