{"id":58860,"date":"2024-09-24T11:56:57","date_gmt":"2024-09-24T17:56:57","guid":{"rendered":"https:\/\/encuentroinformativo.com.mx\/?p=58860"},"modified":"2024-09-24T11:57:05","modified_gmt":"2024-09-24T17:57:05","slug":"profugo-de-la-justicia-sujeto-que-asesino-a-su-hermano-en-angel-r-cabada","status":"publish","type":"post","link":"https:\/\/encuentroinformativo.com.mx\/?p=58860","title":{"rendered":"Pr\u00f3fugo de la justicia sujeto que asesin\u00f3 a su hermano en \u00c1ngel R. Cabada"},"content":{"rendered":"\n<p><strong>Alejandro \u00c1vila<\/strong><\/p>\n\n\n\n<p>\u00c1ngel R. Cabada, Ver.- Como pr\u00f3fugo de la justicia se encuentra Gamaliel G.R. de 42 a\u00f1os de edad, quien el pasado 22 de septiembre macheteara a su hermano, quien tras momentos de agon\u00eda perdi\u00f3 la vida en el IMSS de Lerdo de Tejada.<\/p>\n\n\n\n<p>El pasado domingo alrededor de las 20:30 horas, los elementos de la Polic\u00eda Municipal a cargo del Comandante Luis Arturo Zamudio Cuevas, realizaban un recorrido sobre la calle Revoluci\u00f3n en la localidad de San Juan de Los Reyes cuando fueron detenidos por la se\u00f1ora Teresa Rom\u00e1n Sol\u00eds de 60 a\u00f1os de edad, qui\u00e9n les solicit\u00f3 el apoyo pues uno de sus hijos se encontraba gravemente herido.<\/p>\n\n\n\n<p>La acongojada madre relat\u00f3 que, tras una acalorada discusi\u00f3n entre sus hijos, el mayor de ellos atac\u00f3 a machetazos a Armando G.R. de 39 a\u00f1os de edad, quedando este tendido en el patio de su casa con laceraciones en la cabeza, rostro y hombro izquierdo, perdiendo demasiada sangre, motivo por el cual los elementos del orden p\u00fablico solicitaron al apoyo de param\u00e9dicos de Protecci\u00f3n Civil a cargo de Neftal\u00ed Lira Prieto, qui\u00e9n es tras brindar los primeros auxilios trasladaron al herido al hospital del IMSS de Lerdo de Tejada.<\/p>\n\n\n\n<p>Tras luchar por su vida, la tarde de este lunes 23 de septiembre se confirm\u00f3 el deceso de Armando y, a pesar del operativo y la intensa b\u00fasqueda, al momento Gamaliel G.R. contin\u00faa pr\u00f3fugo de la justicia.<\/p>\n","protected":false},"excerpt":{"rendered":"<p>Alejandro \u00c1vila \u00c1ngel R. Cabada, Ver.- Como pr\u00f3fugo de la justicia se encuentra Gamaliel G.R. de 42 a\u00f1os de edad, quien el pasado 22 de septiembre macheteara a su hermano, quien tras momentos de agon\u00eda perdi\u00f3 la vida en el IMSS de Lerdo de Tejada. El pasado domingo alrededor de las 20:30 horas, los elementos [&hellip;]<\/p>\n","protected":false},"author":2476,"featured_media":58861,"comment_status":"open","ping_status":"open","sticky":false,"template":"","format":"standard","meta":{"_jetpack_memberships_contains_paid_content":false,"footnotes":""},"categories":[14],"tags":[],"class_list":["post-58860","post","type-post","status-publish","format-standard","has-post-thumbnail","hentry","category-policiaca"],"jetpack_featured_media_url":"https:\/\/encuentroinformativo.com.mx\/wp-content\/uploads\/2024\/09\/IMG-20240924-WA0059.jpg","jetpack_sharing_enabled":true,"jetpack_likes_enabled":true,"amp_enabled":true,"_links":{"self":[{"href":"https:\/\/encuentroinformativo.com.mx\/index.php?rest_route=\/wp\/v2\/posts\/58860","targetHints":{"allow":["GET"]}}],"collection":[{"href":"https:\/\/encuentroinformativo.com.mx\/index.php?rest_route=\/wp\/v2\/posts"}],"about":[{"href":"https:\/\/encuentroinformativo.com.mx\/index.php?rest_route=\/wp\/v2\/types\/post"}],"author":[{"embeddable":true,"href":"https:\/\/encuentroinformativo.com.mx\/index.php?rest_route=\/wp\/v2\/users\/2476"}],"replies":[{"embeddable":true,"href":"https:\/\/encuentroinformativo.com.mx\/index.php?rest_route=%2Fwp%2Fv2%2Fcomments&post=58860"}],"version-history":[{"count":1,"href":"https:\/\/encuentroinformativo.com.mx\/index.php?rest_route=\/wp\/v2\/posts\/58860\/revisions"}],"predecessor-version":[{"id":58862,"href":"https:\/\/encuentroinformativo.com.mx\/index.php?rest_route=\/wp\/v2\/posts\/58860\/revisions\/58862"}],"wp:featuredmedia":[{"embeddable":true,"href":"https:\/\/encuentroinformativo.com.mx\/index.php?rest_route=\/wp\/v2\/media\/58861"}],"wp:attachment":[{"href":"https:\/\/encuentroinformativo.com.mx\/index.php?rest_route=%2Fwp%2Fv2%2Fmedia&parent=58860"}],"wp:term":[{"taxonomy":"category","embeddable":true,"href":"https:\/\/encuentroinformativo.com.mx\/index.php?rest_route=%2Fwp%2Fv2%2Fcategories&post=58860"},{"taxonomy":"post_tag","embeddable":true,"href":"https:\/\/encuentroinformativo.com.mx\/index.php?rest_route=%2Fwp%2Fv2%2Ftags&post=58860"}],"curies":[{"name":"wp","href":"https:\/\/api.w.org\/{rel}","templated":true}]}}