{"id":58863,"date":"2024-09-24T12:24:45","date_gmt":"2024-09-24T18:24:45","guid":{"rendered":"https:\/\/encuentroinformativo.com.mx\/?p=58863"},"modified":"2024-09-24T12:24:51","modified_gmt":"2024-09-24T18:24:51","slug":"padres-reclaman-docentes-en-secundaria-ixhuatlan-de-madero","status":"publish","type":"post","link":"https:\/\/encuentroinformativo.com.mx\/?p=58863","title":{"rendered":"Padres reclaman docentes en secundaria &#8220;Ixhuatl\u00e1n de Madero&#8221;"},"content":{"rendered":"\n<p><strong>Dar\u00edo Pale <\/strong><\/p>\n\n\n\n<p>Xalapa, Ver.- Desde temprana hora, integrantes de la Asociaci\u00f3n de Padres de Familia de la Escuela Secundaria General &#8220;Ixhuatl\u00e1n de Madero&#8221; , ubicada en la cabecera municipal, tomaron las instalaciones ante la falta de maestros.\u00a0<\/p>\n\n\n\n<p>De acuerdo a los padres y madres de familia, no es la primera vez que esto ocurre, pues desde hace varios ciclos escolares, la secundaria ha padecido la falta de docentes.\u00a0<\/p>\n\n\n\n<p>Y es que esta situaci\u00f3n los tiene preocupados, ya que esto afecta el proceso de aprendizaje de los alumnos.\u00a0<\/p>\n\n\n\n<p>Agregaron que aunque ya han solicitado a la Subdirecci\u00f3n de Escuelas Secundarias Generales que atienda la problem\u00e1tica, la dependencia no les ha dado una soluci\u00f3n.\u00a0<\/p>\n\n\n\n<p>Ante ello, manifestaron que continuar\u00e1n con la protesta hasta obtener una respuesta favorable.<\/p>\n","protected":false},"excerpt":{"rendered":"<p>Dar\u00edo Pale Xalapa, Ver.- Desde temprana hora, integrantes de la Asociaci\u00f3n de Padres de Familia de la Escuela Secundaria General &#8220;Ixhuatl\u00e1n de Madero&#8221; , ubicada en la cabecera municipal, tomaron las instalaciones ante la falta de maestros.\u00a0 De acuerdo a los padres y madres de familia, no es la primera vez que esto ocurre, pues [&hellip;]<\/p>\n","protected":false},"author":2476,"featured_media":58864,"comment_status":"open","ping_status":"open","sticky":false,"template":"","format":"standard","meta":{"_jetpack_memberships_contains_paid_content":false,"footnotes":""},"categories":[2],"tags":[],"class_list":["post-58863","post","type-post","status-publish","format-standard","has-post-thumbnail","hentry","category-estado"],"jetpack_featured_media_url":"https:\/\/encuentroinformativo.com.mx\/wp-content\/uploads\/2024\/09\/IMG-20240924-WA0061.jpg","jetpack_sharing_enabled":true,"jetpack_likes_enabled":true,"amp_enabled":true,"_links":{"self":[{"href":"https:\/\/encuentroinformativo.com.mx\/index.php?rest_route=\/wp\/v2\/posts\/58863","targetHints":{"allow":["GET"]}}],"collection":[{"href":"https:\/\/encuentroinformativo.com.mx\/index.php?rest_route=\/wp\/v2\/posts"}],"about":[{"href":"https:\/\/encuentroinformativo.com.mx\/index.php?rest_route=\/wp\/v2\/types\/post"}],"author":[{"embeddable":true,"href":"https:\/\/encuentroinformativo.com.mx\/index.php?rest_route=\/wp\/v2\/users\/2476"}],"replies":[{"embeddable":true,"href":"https:\/\/encuentroinformativo.com.mx\/index.php?rest_route=%2Fwp%2Fv2%2Fcomments&post=58863"}],"version-history":[{"count":1,"href":"https:\/\/encuentroinformativo.com.mx\/index.php?rest_route=\/wp\/v2\/posts\/58863\/revisions"}],"predecessor-version":[{"id":58865,"href":"https:\/\/encuentroinformativo.com.mx\/index.php?rest_route=\/wp\/v2\/posts\/58863\/revisions\/58865"}],"wp:featuredmedia":[{"embeddable":true,"href":"https:\/\/encuentroinformativo.com.mx\/index.php?rest_route=\/wp\/v2\/media\/58864"}],"wp:attachment":[{"href":"https:\/\/encuentroinformativo.com.mx\/index.php?rest_route=%2Fwp%2Fv2%2Fmedia&parent=58863"}],"wp:term":[{"taxonomy":"category","embeddable":true,"href":"https:\/\/encuentroinformativo.com.mx\/index.php?rest_route=%2Fwp%2Fv2%2Fcategories&post=58863"},{"taxonomy":"post_tag","embeddable":true,"href":"https:\/\/encuentroinformativo.com.mx\/index.php?rest_route=%2Fwp%2Fv2%2Ftags&post=58863"}],"curies":[{"name":"wp","href":"https:\/\/api.w.org\/{rel}","templated":true}]}}