{"id":5888,"date":"2020-09-16T13:56:12","date_gmt":"2020-09-16T18:56:12","guid":{"rendered":"https:\/\/encuentroinformativo.com.mx\/?p=5888"},"modified":"2020-09-16T13:56:15","modified_gmt":"2020-09-16T18:56:15","slug":"confian-en-continuidad-del-ivm","status":"publish","type":"post","link":"https:\/\/encuentroinformativo.com.mx\/?p=5888","title":{"rendered":"Conf\u00edan en continuidad del IVM"},"content":{"rendered":"\n<p><strong>Dar\u00edo Pale <\/strong><\/p>\n\n\n\n<p>Xalapa, Ver.- La Encargada de despachos del Instituto Veracruzano de las Mujeres (IVM), Mar\u00eda del Roc\u00edo Villafuerte confi\u00f3 que el Instituto continuar\u00e1 y que espera que se logre aumentar a 25 millones de pesos el presupuesto para el pr\u00f3ximo a\u00f1o.<\/p>\n\n\n\n<p>Entrevistada posterior a la guardia de honor en el parque de Los Berros, no precis\u00f3 una cifra de feminicidios registrados en la entidad y dijo durante la cuarentena se han registrado 100 llamadas mensuales de auxilio por casos de violencia, donde el mayor n\u00famero de violencia es en Veracruz.<\/p>\n\n\n\n<p>En otro orden de ideas dio a conocer que dos aspirantes a la titularidad del IVM, \u00a0interpusieron juicios de amparo para acceder al concurso de este encargo, por tal motivo se habr\u00eda retrasado la emisi\u00f3n de la convocatoria de este organismo ac\u00e9falo desde el inicio de la actual administraci\u00f3n morenista.<\/p>\n\n\n\n<p>&#8220;La convocatoria se realiz\u00f3 por los consejos sociales y est\u00e1 en proceso de publicaci\u00f3n; sin embargo ya se tramitaron algunos amparos y eso enrarece el tema y provoca que se siga conforme a los lineamientos jur\u00eddicos. Algunas personas interpusieron juicios de amparo para efectos que se les permita accesar al concurso&#8221;, se\u00f1al\u00f3.<\/p>\n\n\n\n<p>Al final \u00fanicamente precis\u00f3 que una de las demandantes de este instituto, es que &#8220;Tendr\u00e1 que ser una humanista verdadera&#8221;.<\/p>\n","protected":false},"excerpt":{"rendered":"<p>Dar\u00edo Pale Xalapa, Ver.- La Encargada de despachos del Instituto Veracruzano de las Mujeres (IVM), Mar\u00eda del Roc\u00edo Villafuerte confi\u00f3 que el Instituto continuar\u00e1 y que espera que se logre aumentar a 25 millones de pesos el presupuesto para el pr\u00f3ximo a\u00f1o. Entrevistada posterior a la guardia de honor en el parque de Los Berros, [&hellip;]<\/p>\n","protected":false},"author":1,"featured_media":5889,"comment_status":"open","ping_status":"open","sticky":false,"template":"","format":"aside","meta":{"_jetpack_memberships_contains_paid_content":false,"footnotes":""},"categories":[2],"tags":[],"class_list":["post-5888","post","type-post","status-publish","format-aside","has-post-thumbnail","hentry","category-estado","post_format-post-format-aside"],"jetpack_featured_media_url":"https:\/\/encuentroinformativo.com.mx\/wp-content\/uploads\/2020\/09\/A5F4AB14-CE03-4FAE-ABF4-BF1C580F92F5.jpeg","jetpack_sharing_enabled":true,"jetpack_likes_enabled":true,"amp_enabled":true,"_links":{"self":[{"href":"https:\/\/encuentroinformativo.com.mx\/index.php?rest_route=\/wp\/v2\/posts\/5888","targetHints":{"allow":["GET"]}}],"collection":[{"href":"https:\/\/encuentroinformativo.com.mx\/index.php?rest_route=\/wp\/v2\/posts"}],"about":[{"href":"https:\/\/encuentroinformativo.com.mx\/index.php?rest_route=\/wp\/v2\/types\/post"}],"author":[{"embeddable":true,"href":"https:\/\/encuentroinformativo.com.mx\/index.php?rest_route=\/wp\/v2\/users\/1"}],"replies":[{"embeddable":true,"href":"https:\/\/encuentroinformativo.com.mx\/index.php?rest_route=%2Fwp%2Fv2%2Fcomments&post=5888"}],"version-history":[{"count":1,"href":"https:\/\/encuentroinformativo.com.mx\/index.php?rest_route=\/wp\/v2\/posts\/5888\/revisions"}],"predecessor-version":[{"id":5890,"href":"https:\/\/encuentroinformativo.com.mx\/index.php?rest_route=\/wp\/v2\/posts\/5888\/revisions\/5890"}],"wp:featuredmedia":[{"embeddable":true,"href":"https:\/\/encuentroinformativo.com.mx\/index.php?rest_route=\/wp\/v2\/media\/5889"}],"wp:attachment":[{"href":"https:\/\/encuentroinformativo.com.mx\/index.php?rest_route=%2Fwp%2Fv2%2Fmedia&parent=5888"}],"wp:term":[{"taxonomy":"category","embeddable":true,"href":"https:\/\/encuentroinformativo.com.mx\/index.php?rest_route=%2Fwp%2Fv2%2Fcategories&post=5888"},{"taxonomy":"post_tag","embeddable":true,"href":"https:\/\/encuentroinformativo.com.mx\/index.php?rest_route=%2Fwp%2Fv2%2Ftags&post=5888"}],"curies":[{"name":"wp","href":"https:\/\/api.w.org\/{rel}","templated":true}]}}