{"id":58882,"date":"2024-09-24T14:39:05","date_gmt":"2024-09-24T20:39:05","guid":{"rendered":"https:\/\/encuentroinformativo.com.mx\/?p=58882"},"modified":"2024-09-24T14:39:10","modified_gmt":"2024-09-24T20:39:10","slug":"familiares-piden-avance-en-investigaciones-por-muerte-de-chava-blues","status":"publish","type":"post","link":"https:\/\/encuentroinformativo.com.mx\/?p=58882","title":{"rendered":"Familiares piden avance en investigaciones por muerte de Chava Blues"},"content":{"rendered":"\n<p><strong>Dar\u00edo Pale <\/strong><\/p>\n\n\n\n<p>Xalapa, Ver.- Piden la intervenci\u00f3n del gobernador Cuitl\u00e1huac Garc\u00eda Jim\u00e9nez para que la Fiscal\u00eda General del Estado avance en las investigaciones y ejerza acci\u00f3n penal contra el presunto responsable que atropello a &#8220;Chava Blues&#8221; ya que hasta ahora no han recibido la reparaci\u00f3n del da\u00f1o.<\/p>\n\n\n\n<p>En conferencia de prensa los familiares y amigos del m\u00fasico Salvador Ram\u00edrez Valdivia conocido en Xalapa como &#8220;Chava Blues&#8221;, quien muri\u00f3 el pasado 5 de enero tras ser atropellado por un motociclista cuando cruzaba la avenida \u00c1vila Camacho del centro de esta ciudad, pidieron justicia y la intervenci\u00f3n de las autoridades competentes.<\/p>\n\n\n\n<p>Acompa\u00f1ada de la cantante Messe Merari, su hija, Ananda Ram\u00edrez acus\u00f3 supuestas inconsistencias en la investigaci\u00f3n del caso asentadas en la Carpeta de investigaci\u00f3n XAL-DX-F5-51-B2024 y se\u00f1al\u00f3 que\u00a0 que se les inform\u00f3 que el imputado Jos\u00e9 Eduardo &#8220;N&#8221;, quien caus\u00f3 la muerte del conocido m\u00fasico, no hab\u00eda declarado siquiera ante las autoridades y que sigue en libertad.\u00a0<\/p>\n\n\n\n<p>&#8220;Su familia, nosotros, nos hemos sentido abandonados por la justicia, pues la Fiscal\u00eda del Estado de Veracruz ha mostrado una indiferencia hacia el caso, complicando el acceso a la carpeta de investigaci\u00f3n, manejando algunas inconsistencias y entorpeciendo la investigaci\u00f3n&#8221;, se\u00f1alo.<\/p>\n\n\n\n<p>Pidieron que cualquier testigo del accidente se comunique al n\u00famero 2288203343 para aportar datos a la investigaci\u00f3n.\u00a0<\/p>\n\n\n\n<p>&#8220;Solicitamos a toda la comunidad xalape\u00f1a que si alguien vio algo el ese momento por favor se comuniquen a ese n\u00famero&#8221;, coment\u00f3.<\/p>\n\n\n\n<p>Por \u00faltimo dieron a conocer que solicitar\u00e1n que a trav\u00e9s del programa de V\u00edctimas de la FGE se les brinde ayuda psicol\u00f3gica para afrontar su duelo.\u00a0 \u00a0<\/p>\n","protected":false},"excerpt":{"rendered":"<p>Dar\u00edo Pale Xalapa, Ver.- Piden la intervenci\u00f3n del gobernador Cuitl\u00e1huac Garc\u00eda Jim\u00e9nez para que la Fiscal\u00eda General del Estado avance en las investigaciones y ejerza acci\u00f3n penal contra el presunto responsable que atropello a &#8220;Chava Blues&#8221; ya que hasta ahora no han recibido la reparaci\u00f3n del da\u00f1o. En conferencia de prensa los familiares y amigos [&hellip;]<\/p>\n","protected":false},"author":2476,"featured_media":58883,"comment_status":"open","ping_status":"open","sticky":false,"template":"","format":"standard","meta":{"_jetpack_memberships_contains_paid_content":false,"footnotes":""},"categories":[3],"tags":[],"class_list":["post-58882","post","type-post","status-publish","format-standard","has-post-thumbnail","hentry","category-xalapa"],"jetpack_featured_media_url":"https:\/\/encuentroinformativo.com.mx\/wp-content\/uploads\/2024\/09\/IMG-20240924-WA0137.jpg","jetpack_sharing_enabled":true,"jetpack_likes_enabled":true,"amp_enabled":true,"_links":{"self":[{"href":"https:\/\/encuentroinformativo.com.mx\/index.php?rest_route=\/wp\/v2\/posts\/58882","targetHints":{"allow":["GET"]}}],"collection":[{"href":"https:\/\/encuentroinformativo.com.mx\/index.php?rest_route=\/wp\/v2\/posts"}],"about":[{"href":"https:\/\/encuentroinformativo.com.mx\/index.php?rest_route=\/wp\/v2\/types\/post"}],"author":[{"embeddable":true,"href":"https:\/\/encuentroinformativo.com.mx\/index.php?rest_route=\/wp\/v2\/users\/2476"}],"replies":[{"embeddable":true,"href":"https:\/\/encuentroinformativo.com.mx\/index.php?rest_route=%2Fwp%2Fv2%2Fcomments&post=58882"}],"version-history":[{"count":1,"href":"https:\/\/encuentroinformativo.com.mx\/index.php?rest_route=\/wp\/v2\/posts\/58882\/revisions"}],"predecessor-version":[{"id":58884,"href":"https:\/\/encuentroinformativo.com.mx\/index.php?rest_route=\/wp\/v2\/posts\/58882\/revisions\/58884"}],"wp:featuredmedia":[{"embeddable":true,"href":"https:\/\/encuentroinformativo.com.mx\/index.php?rest_route=\/wp\/v2\/media\/58883"}],"wp:attachment":[{"href":"https:\/\/encuentroinformativo.com.mx\/index.php?rest_route=%2Fwp%2Fv2%2Fmedia&parent=58882"}],"wp:term":[{"taxonomy":"category","embeddable":true,"href":"https:\/\/encuentroinformativo.com.mx\/index.php?rest_route=%2Fwp%2Fv2%2Fcategories&post=58882"},{"taxonomy":"post_tag","embeddable":true,"href":"https:\/\/encuentroinformativo.com.mx\/index.php?rest_route=%2Fwp%2Fv2%2Ftags&post=58882"}],"curies":[{"name":"wp","href":"https:\/\/api.w.org\/{rel}","templated":true}]}}