{"id":58895,"date":"2024-09-24T20:50:39","date_gmt":"2024-09-25T02:50:39","guid":{"rendered":"https:\/\/encuentroinformativo.com.mx\/?p=58895"},"modified":"2024-09-24T20:50:45","modified_gmt":"2024-09-25T02:50:45","slug":"eleazar-guerrero-perez-defiende-reforma-que-protege-poder-adquisitivo-de-los-trabajadores","status":"publish","type":"post","link":"https:\/\/encuentroinformativo.com.mx\/?p=58895","title":{"rendered":"Eleazar Guerrero P\u00e9rez defiende reforma que protege poder adquisitivo de los trabajadores"},"content":{"rendered":"\n<p>Ciudad de M\u00e9xico.- En una jornada hist\u00f3rica para los trabajadores de M\u00e9xico, el diputado federal Eleazar Guerrero P\u00e9rez subi\u00f3 a la tribuna del Congreso para expresar su firme apoyo a una reforma que busca garantizar que el salario m\u00ednimo nunca est\u00e9 por debajo de la inflaci\u00f3n.<\/p>\n\n\n\n<p>Este posicionamiento se dio en el marco de la discusi\u00f3n sobre el dictamen que reforma el art\u00edculo 123 de la Constituci\u00f3n Pol\u00edtica, una iniciativa que ha generado un amplio debate entre diferentes fuerzas pol\u00edticas.<\/p>\n\n\n\n<p>Durante su intervenci\u00f3n, Guerrero P\u00e9rez, representante de Morena y originario de Veracruz, no escatim\u00f3 en criticar las pol\u00edticas laborales del pasado, especialmente las del &#8220;Prianismo&#8221;, que mantuvieron a los trabajadores en condiciones de miseria durante m\u00e1s de tres d\u00e9cadas. En un discurso apasionado, el legislador record\u00f3 c\u00f3mo los pactos econ\u00f3micos de gobiernos anteriores sometieron a la clase trabajadora a salarios raqu\u00edticos, en complicidad con empresarios y l\u00edderes sindicales.<\/p>\n\n\n\n<p>&#8220;Hoy estamos aqu\u00ed para cumplir con el mandato popular que nos dieron el 2 de junio&#8221;, afirm\u00f3 Guerrero P\u00e9rez, evocando la figura de l\u00edderes hist\u00f3ricos que lucharon por los derechos de los trabajadores. Resalt\u00f3 que la propuesta de reforma es un paso vital hacia la construcci\u00f3n de un Estado de Bienestar, donde el salario m\u00ednimo sea un instrumento que garantice una vida digna para todos.<\/p>\n\n\n\n<p>El debate en la C\u00e1mara Baja tambi\u00e9n cont\u00f3 con la participaci\u00f3n de representantes de diferentes partidos, incluyendo PAN, PVEM, PT, PRI y MC, quienes expresaron diversas posturas sobre la reforma. Sin embargo, la intervenci\u00f3n de Guerrero P\u00e9rez reson\u00f3 con fuerza, al poner de relieve la necesidad de proteger los derechos laborales que, fueron despojados por gobiernos anteriores.<\/p>\n\n\n\n<p>Con un llamado a la unidad, el diputado concluy\u00f3 su discurso instando a sus colegas a avanzar juntos en la b\u00fasqueda de condiciones laborales justas y dignas para todos los mexicanos. Su postura refleja un compromiso renovado con la lucha por los derechos de los trabajadores en el pa\u00eds.<\/p>\n","protected":false},"excerpt":{"rendered":"<p>Ciudad de M\u00e9xico.- En una jornada hist\u00f3rica para los trabajadores de M\u00e9xico, el diputado federal Eleazar Guerrero P\u00e9rez subi\u00f3 a la tribuna del Congreso para expresar su firme apoyo a una reforma que busca garantizar que el salario m\u00ednimo nunca est\u00e9 por debajo de la inflaci\u00f3n. Este posicionamiento se dio en el marco de la [&hellip;]<\/p>\n","protected":false},"author":2476,"featured_media":58896,"comment_status":"open","ping_status":"open","sticky":false,"template":"","format":"standard","meta":{"_jetpack_memberships_contains_paid_content":false,"footnotes":""},"categories":[2],"tags":[],"class_list":["post-58895","post","type-post","status-publish","format-standard","has-post-thumbnail","hentry","category-estado"],"jetpack_featured_media_url":"https:\/\/encuentroinformativo.com.mx\/wp-content\/uploads\/2024\/09\/IMG-20240924-WA0159.jpg","jetpack_sharing_enabled":true,"jetpack_likes_enabled":true,"amp_enabled":true,"_links":{"self":[{"href":"https:\/\/encuentroinformativo.com.mx\/index.php?rest_route=\/wp\/v2\/posts\/58895","targetHints":{"allow":["GET"]}}],"collection":[{"href":"https:\/\/encuentroinformativo.com.mx\/index.php?rest_route=\/wp\/v2\/posts"}],"about":[{"href":"https:\/\/encuentroinformativo.com.mx\/index.php?rest_route=\/wp\/v2\/types\/post"}],"author":[{"embeddable":true,"href":"https:\/\/encuentroinformativo.com.mx\/index.php?rest_route=\/wp\/v2\/users\/2476"}],"replies":[{"embeddable":true,"href":"https:\/\/encuentroinformativo.com.mx\/index.php?rest_route=%2Fwp%2Fv2%2Fcomments&post=58895"}],"version-history":[{"count":1,"href":"https:\/\/encuentroinformativo.com.mx\/index.php?rest_route=\/wp\/v2\/posts\/58895\/revisions"}],"predecessor-version":[{"id":58897,"href":"https:\/\/encuentroinformativo.com.mx\/index.php?rest_route=\/wp\/v2\/posts\/58895\/revisions\/58897"}],"wp:featuredmedia":[{"embeddable":true,"href":"https:\/\/encuentroinformativo.com.mx\/index.php?rest_route=\/wp\/v2\/media\/58896"}],"wp:attachment":[{"href":"https:\/\/encuentroinformativo.com.mx\/index.php?rest_route=%2Fwp%2Fv2%2Fmedia&parent=58895"}],"wp:term":[{"taxonomy":"category","embeddable":true,"href":"https:\/\/encuentroinformativo.com.mx\/index.php?rest_route=%2Fwp%2Fv2%2Fcategories&post=58895"},{"taxonomy":"post_tag","embeddable":true,"href":"https:\/\/encuentroinformativo.com.mx\/index.php?rest_route=%2Fwp%2Fv2%2Ftags&post=58895"}],"curies":[{"name":"wp","href":"https:\/\/api.w.org\/{rel}","templated":true}]}}