{"id":58905,"date":"2024-09-25T10:05:08","date_gmt":"2024-09-25T16:05:08","guid":{"rendered":"https:\/\/encuentroinformativo.com.mx\/?p=58905"},"modified":"2024-09-25T10:05:13","modified_gmt":"2024-09-25T16:05:13","slug":"se-apunta-la-regidora-lissethe-martinez-para-la-alcaldia-portena","status":"publish","type":"post","link":"https:\/\/encuentroinformativo.com.mx\/?p=58905","title":{"rendered":"Se apunta la regidora Lissethe Mart\u00ednez para la alcald\u00eda porte\u00f1a"},"content":{"rendered":"\n<p><strong>Alejandro \u00c1vila<\/strong><\/p>\n\n\n\n<p>Veracruz, Ver.- Ante las pr\u00f3ximas tomas de protesta de Claudia Sheinbaum y Roc\u00edo Nahle, como presidenta de M\u00e9xico y gobernadora de Veracruz, respectivamente, y la reciente designaci\u00f3n de Luisa Mar\u00eda Alcalde, como dirigente nacional, las mujeres de Morena se encuentran listas para ser nombradas aspirantes a la alcald\u00eda de Veracruz, se\u00f1al\u00f3 la regidora, Lissethe Mart\u00ednez Echeverr\u00eda.<\/p>\n\n\n\n<p>&#8220;Es uno de los grandes logros de la equidad de g\u00e9nero, mujeres que representen el humanismo como bien lo dice nuestra presidenta electa, Claudia Sheinbaum, y que aparte haga una gran labor fundamental en el cambio a trav\u00e9s de las pol\u00edticas p\u00fablicas con una perspectiva de g\u00e9nero. En ese sentido, en mi municipio que es el Ayuntamiento de Veracruz, pues esperamos contar con la representaci\u00f3n de una mujer que saque adelante todo el atraso social, de obra, de proyecto en este municipio, para darle una verdadera con voluntad y con servicio humanista&#8221;, expres\u00f3.<\/p>\n\n\n\n<p>Lissethe Mart\u00ednez, reconoci\u00f3 tener aspiraciones para continuar con su proyecto pol\u00edtico, por lo que buscar\u00e1 ser tomada en cuenta los pr\u00f3ximos procesos electorales.<\/p>\n\n\n\n<p>&#8220;Obvio, yo s\u00ed tengo aspiraciones, estoy trabajando muy duro en eso, con congruencia, y pues va a ser lo que el pueblo decida, conf\u00edo en que nuestros delegados, nuestra dirigencia estatal tome las mejores decisiones para poner a las personas que tengan convicci\u00f3n del servicio (\u2026) yo voy a alzar la mano, definitivamente, porque lo que hemos venido construyendo a trav\u00e9s de esta plataforma pol\u00edtica de uno de los Ayuntamientos m\u00e1s importantes del Estado de Veracruz hay que darle continuidad&#8221;, sentenci\u00f3.<\/p>\n\n\n\n<p>Finalmente, mencion\u00f3 que la extensi\u00f3n en sus labores de los Comit\u00e9s Directivos Estatales de Morena, decisi\u00f3n que se tom\u00f3 el pasado fin de semana, fue un acierto, debido a que se le dar\u00e1 continuidad al trabajo que han estado realizando los delegados y representantes del movimiento, como sucede en Veracruz en la persona de Esteban Ram\u00edrez Zepeta.<\/p>\n\n\n\n<p>&#8220;Conf\u00edo en que nuestros delegados con el trabajo que han tenido en el territorio tambi\u00e9n identifican a los pr\u00f3ximos aspirantes a contener en las siguientes elecciones, que vean a las personas que tienen arraigo con el pueblo, un caminar, para tomar la decisi\u00f3n en nuestras asambleas estatales&#8221;, culmin\u00f3.<\/p>\n","protected":false},"excerpt":{"rendered":"<p>Alejandro \u00c1vila Veracruz, Ver.- Ante las pr\u00f3ximas tomas de protesta de Claudia Sheinbaum y Roc\u00edo Nahle, como presidenta de M\u00e9xico y gobernadora de Veracruz, respectivamente, y la reciente designaci\u00f3n de Luisa Mar\u00eda Alcalde, como dirigente nacional, las mujeres de Morena se encuentran listas para ser nombradas aspirantes a la alcald\u00eda de Veracruz, se\u00f1al\u00f3 la regidora, [&hellip;]<\/p>\n","protected":false},"author":2476,"featured_media":58906,"comment_status":"open","ping_status":"open","sticky":false,"template":"","format":"standard","meta":{"_jetpack_memberships_contains_paid_content":false,"footnotes":""},"categories":[2],"tags":[],"class_list":["post-58905","post","type-post","status-publish","format-standard","has-post-thumbnail","hentry","category-estado"],"jetpack_featured_media_url":"https:\/\/encuentroinformativo.com.mx\/wp-content\/uploads\/2024\/09\/IMG-20240925-WA0045.jpg","jetpack_sharing_enabled":true,"jetpack_likes_enabled":true,"amp_enabled":true,"_links":{"self":[{"href":"https:\/\/encuentroinformativo.com.mx\/index.php?rest_route=\/wp\/v2\/posts\/58905","targetHints":{"allow":["GET"]}}],"collection":[{"href":"https:\/\/encuentroinformativo.com.mx\/index.php?rest_route=\/wp\/v2\/posts"}],"about":[{"href":"https:\/\/encuentroinformativo.com.mx\/index.php?rest_route=\/wp\/v2\/types\/post"}],"author":[{"embeddable":true,"href":"https:\/\/encuentroinformativo.com.mx\/index.php?rest_route=\/wp\/v2\/users\/2476"}],"replies":[{"embeddable":true,"href":"https:\/\/encuentroinformativo.com.mx\/index.php?rest_route=%2Fwp%2Fv2%2Fcomments&post=58905"}],"version-history":[{"count":1,"href":"https:\/\/encuentroinformativo.com.mx\/index.php?rest_route=\/wp\/v2\/posts\/58905\/revisions"}],"predecessor-version":[{"id":58907,"href":"https:\/\/encuentroinformativo.com.mx\/index.php?rest_route=\/wp\/v2\/posts\/58905\/revisions\/58907"}],"wp:featuredmedia":[{"embeddable":true,"href":"https:\/\/encuentroinformativo.com.mx\/index.php?rest_route=\/wp\/v2\/media\/58906"}],"wp:attachment":[{"href":"https:\/\/encuentroinformativo.com.mx\/index.php?rest_route=%2Fwp%2Fv2%2Fmedia&parent=58905"}],"wp:term":[{"taxonomy":"category","embeddable":true,"href":"https:\/\/encuentroinformativo.com.mx\/index.php?rest_route=%2Fwp%2Fv2%2Fcategories&post=58905"},{"taxonomy":"post_tag","embeddable":true,"href":"https:\/\/encuentroinformativo.com.mx\/index.php?rest_route=%2Fwp%2Fv2%2Ftags&post=58905"}],"curies":[{"name":"wp","href":"https:\/\/api.w.org\/{rel}","templated":true}]}}