{"id":58908,"date":"2024-09-25T10:48:14","date_gmt":"2024-09-25T16:48:14","guid":{"rendered":"https:\/\/encuentroinformativo.com.mx\/?p=58908"},"modified":"2024-09-25T10:48:20","modified_gmt":"2024-09-25T16:48:20","slug":"congresos-y-convenciones-daran-respiro-al-sector-turistico-en-octubre-cometur","status":"publish","type":"post","link":"https:\/\/encuentroinformativo.com.mx\/?p=58908","title":{"rendered":"Congresos y Convenciones dar\u00e1n respiro al sector tur\u00edstico en octubre: COMETUR"},"content":{"rendered":"\n<p><strong>Alejandro \u00c1vila<\/strong><\/p>\n\n\n\n<p>Veracruz, Ver.- Los Congresos y Convenciones han dado un respiro al sector tur\u00edstico durante el mes de octubre, asegur\u00f3 el presidente del Consejo Metropolitano de Turismo (COMETUR), Sergio Lois Heredia.<\/p>\n\n\n\n<p>En los \u00faltimos a\u00f1os Veracruz ha sido sede de entre 14 y 16 Congresos anualmente, que al combinarlos con los conciertos colocandolos, principalmente en temporadas bajas, generan una derrama econ\u00f3mica importante para la zona conurbada.<\/p>\n\n\n\n<p>&#8220;El tema de Congresos y Convenciones en los \u00faltimos a\u00f1os se ha movido bastante bien, en lo que es el mes de octubre sobre todo, ha venido a mejorar ese mes en espec\u00edfico los \u00faltimos dos a\u00f1os, para este 2024 pareciera que puede ser as\u00ed&#8221;, puntualiz\u00f3.<\/p>\n\n\n\n<p>El empresario hotelero mencin\u00f3 que hist\u00f3ricamente a los secretarios de Turismo de Veracruz se les ha remarcado el tema de Congreso y Convenciones, con el fin de que lo tengan presente en su agenda, ya que son evento que benefician a los prestadores de servicio en diversas \u00e9pocas del a\u00f1o.<\/p>\n\n\n\n<p>&#8220;Le ayuda, sobre todos los prestadores de servicio que se encuentran cerca del World Trade Center, pero los que no se encuentran cerca del World Trade Center tambi\u00e9n, el hecho de que la plaza est\u00e1 m\u00e1s llena, pues ahora si que coloquialmente se dir\u00eda, de rebote tambi\u00e9n ayuda. Creo que s\u00ed es importante que la pr\u00f3xima secretaria de Turismo traiga en un punto importante, en una prioridad importante el tema de Congresos y Convenciones, enfocado repito a lo que es la temporada baja, como lo han tra\u00eddo otro secretarios, creo que Veracruz tiene un buen recinto, es una plaza que se presta mucho para el tema de Congresos y Convenciones&#8221;, expres\u00f3.<\/p>\n\n\n\n<p>Finalmente, Sergio Lois reconoci\u00f3 que hay que mejorar muchas cosas para que Veracruz se encuentre en el top 5 de los destinos de Congresos y Convenciones elegidos por las grandes empresas, listado al que no ha llegado a\u00fan debido a que en otros Estados hay mucha m\u00e1s inversi\u00f3n p\u00fablica en el rubro tur\u00edstico.<\/p>\n","protected":false},"excerpt":{"rendered":"<p>Alejandro \u00c1vila Veracruz, Ver.- Los Congresos y Convenciones han dado un respiro al sector tur\u00edstico durante el mes de octubre, asegur\u00f3 el presidente del Consejo Metropolitano de Turismo (COMETUR), Sergio Lois Heredia. En los \u00faltimos a\u00f1os Veracruz ha sido sede de entre 14 y 16 Congresos anualmente, que al combinarlos con los conciertos colocandolos, principalmente [&hellip;]<\/p>\n","protected":false},"author":2476,"featured_media":58909,"comment_status":"open","ping_status":"open","sticky":false,"template":"","format":"standard","meta":{"_jetpack_memberships_contains_paid_content":false,"footnotes":""},"categories":[2],"tags":[],"class_list":["post-58908","post","type-post","status-publish","format-standard","has-post-thumbnail","hentry","category-estado"],"jetpack_featured_media_url":"https:\/\/encuentroinformativo.com.mx\/wp-content\/uploads\/2024\/09\/IMG-20240925-WA0046.jpg","jetpack_sharing_enabled":true,"jetpack_likes_enabled":true,"amp_enabled":true,"_links":{"self":[{"href":"https:\/\/encuentroinformativo.com.mx\/index.php?rest_route=\/wp\/v2\/posts\/58908","targetHints":{"allow":["GET"]}}],"collection":[{"href":"https:\/\/encuentroinformativo.com.mx\/index.php?rest_route=\/wp\/v2\/posts"}],"about":[{"href":"https:\/\/encuentroinformativo.com.mx\/index.php?rest_route=\/wp\/v2\/types\/post"}],"author":[{"embeddable":true,"href":"https:\/\/encuentroinformativo.com.mx\/index.php?rest_route=\/wp\/v2\/users\/2476"}],"replies":[{"embeddable":true,"href":"https:\/\/encuentroinformativo.com.mx\/index.php?rest_route=%2Fwp%2Fv2%2Fcomments&post=58908"}],"version-history":[{"count":1,"href":"https:\/\/encuentroinformativo.com.mx\/index.php?rest_route=\/wp\/v2\/posts\/58908\/revisions"}],"predecessor-version":[{"id":58910,"href":"https:\/\/encuentroinformativo.com.mx\/index.php?rest_route=\/wp\/v2\/posts\/58908\/revisions\/58910"}],"wp:featuredmedia":[{"embeddable":true,"href":"https:\/\/encuentroinformativo.com.mx\/index.php?rest_route=\/wp\/v2\/media\/58909"}],"wp:attachment":[{"href":"https:\/\/encuentroinformativo.com.mx\/index.php?rest_route=%2Fwp%2Fv2%2Fmedia&parent=58908"}],"wp:term":[{"taxonomy":"category","embeddable":true,"href":"https:\/\/encuentroinformativo.com.mx\/index.php?rest_route=%2Fwp%2Fv2%2Fcategories&post=58908"},{"taxonomy":"post_tag","embeddable":true,"href":"https:\/\/encuentroinformativo.com.mx\/index.php?rest_route=%2Fwp%2Fv2%2Ftags&post=58908"}],"curies":[{"name":"wp","href":"https:\/\/api.w.org\/{rel}","templated":true}]}}