{"id":58911,"date":"2024-09-25T11:40:46","date_gmt":"2024-09-25T17:40:46","guid":{"rendered":"https:\/\/encuentroinformativo.com.mx\/?p=58911"},"modified":"2024-09-25T11:40:53","modified_gmt":"2024-09-25T17:40:53","slug":"uv-rinde-homenaje-a-la-doctora-luz-maria-del-castillo-reynoso-durante-congreso-de-anatomia","status":"publish","type":"post","link":"https:\/\/encuentroinformativo.com.mx\/?p=58911","title":{"rendered":"UV rinde homenaje a la doctora Luz Mar\u00eda del Castillo Reynoso durante Congreso de Anatom\u00eda"},"content":{"rendered":"\n<p><strong>Alejandro \u00c1vila<\/strong><\/p>\n\n\n\n<p>Veracruz, Ver.- Dentro de los festejos del octag\u00e9simo aniversario de la UV, la Facultad de Medicina celebra un evento nacional bajo el nombre \u201cDra. Luz Mar\u00eda del Castillo Reynoso\u201d, con el cual rinde homenaje a la catedr\u00e1tica.<\/p>\n\n\n\n<p>El puerto de Veracruz es la sede del Trig\u00e9simo Congreso Nacional de Anatom\u00eda, en colaboraci\u00f3n con la Sociedad Mexicana de Anatom\u00eda y que anualmente se lleva a cabo en diversos puntos del pa\u00eds, el cual, dentro de los festejos del octag\u00e9simo aniversario de la Universidad Veracruzana, tiene la anfitrion\u00eda de la Facultad de Medicina, bajo el nombre de la prestigiada catedr\u00e1tica de esta casa de estudios, \u201cDra. Luz Mar\u00eda del Castillo Reynoso\u201d.<\/p>\n\n\n\n<p>C\u00e9sar Vi\u00f1as Dozal, director de la Facultad de Medicina de la UV, recalc\u00f3 la importancia y trascendencia de este evento, que reconoce la amplia trayectoria acad\u00e9mica y profesional de la doctora Del Castillo Reynoso y que, paralelamente, celebrar\u00e1n el Primer Encuentro de Anatom\u00eda Quir\u00fargica, el Decimosexto Concurso Nacional Estudiantil de Morfolog\u00eda, adem\u00e1s del Segundo concurso de Fotograf\u00eda Morfol\u00f3gica, la Segunda Carrera Atl\u00e9tica de la Sociedad Mexicana de Anatom\u00eda y el Segundo Seminario de Morfolog\u00eda Comparada, todo esto con la participaci\u00f3n de estudiantes y acad\u00e9micos de diversas universidades de todo el pa\u00eds.<\/p>\n\n\n\n<p>Cabe destacar el apoyo y participaci\u00f3n de universidades de la regi\u00f3n metropolitana de Veracruz, as\u00ed como la colaboraci\u00f3n de organismos m\u00e9dicos como la Asociaci\u00f3n Mexicana de Cirug\u00eda General, Colegio de Cirujanos Generales del estado de Veracruz, Asociaci\u00f3n Colombiana de Morfolog\u00eda, y la participaci\u00f3n activa de los estudiantes de esta Facultad de Medicina de la UV.<\/p>\n\n\n\n<p>Los organizadores de este importante evento m\u00e9dico, que reconoce el prestigio acad\u00e9mico y profesional de la titular de Morfol\u00f3gicas de la Facultad de Medicina, tiene como fin subrayar la importancia de las disciplinas morfol\u00f3gicas, ya que son fundamentales en el ejercicio cl\u00ednico de doctores y enfermeras dentro de la actividad diaria y que cuenta con valor curricular y los conocimientos de especialistas nacionales e internacionales.<\/p>\n","protected":false},"excerpt":{"rendered":"<p>Alejandro \u00c1vila Veracruz, Ver.- Dentro de los festejos del octag\u00e9simo aniversario de la UV, la Facultad de Medicina celebra un evento nacional bajo el nombre \u201cDra. Luz Mar\u00eda del Castillo Reynoso\u201d, con el cual rinde homenaje a la catedr\u00e1tica. El puerto de Veracruz es la sede del Trig\u00e9simo Congreso Nacional de Anatom\u00eda, en colaboraci\u00f3n con [&hellip;]<\/p>\n","protected":false},"author":2476,"featured_media":58912,"comment_status":"open","ping_status":"open","sticky":false,"template":"","format":"standard","meta":{"_jetpack_memberships_contains_paid_content":false,"footnotes":""},"categories":[9],"tags":[],"class_list":["post-58911","post","type-post","status-publish","format-standard","has-post-thumbnail","hentry","category-salud"],"jetpack_featured_media_url":"https:\/\/encuentroinformativo.com.mx\/wp-content\/uploads\/2024\/09\/IMG-20240925-WA0052.jpg","jetpack_sharing_enabled":true,"jetpack_likes_enabled":true,"amp_enabled":true,"_links":{"self":[{"href":"https:\/\/encuentroinformativo.com.mx\/index.php?rest_route=\/wp\/v2\/posts\/58911","targetHints":{"allow":["GET"]}}],"collection":[{"href":"https:\/\/encuentroinformativo.com.mx\/index.php?rest_route=\/wp\/v2\/posts"}],"about":[{"href":"https:\/\/encuentroinformativo.com.mx\/index.php?rest_route=\/wp\/v2\/types\/post"}],"author":[{"embeddable":true,"href":"https:\/\/encuentroinformativo.com.mx\/index.php?rest_route=\/wp\/v2\/users\/2476"}],"replies":[{"embeddable":true,"href":"https:\/\/encuentroinformativo.com.mx\/index.php?rest_route=%2Fwp%2Fv2%2Fcomments&post=58911"}],"version-history":[{"count":1,"href":"https:\/\/encuentroinformativo.com.mx\/index.php?rest_route=\/wp\/v2\/posts\/58911\/revisions"}],"predecessor-version":[{"id":58913,"href":"https:\/\/encuentroinformativo.com.mx\/index.php?rest_route=\/wp\/v2\/posts\/58911\/revisions\/58913"}],"wp:featuredmedia":[{"embeddable":true,"href":"https:\/\/encuentroinformativo.com.mx\/index.php?rest_route=\/wp\/v2\/media\/58912"}],"wp:attachment":[{"href":"https:\/\/encuentroinformativo.com.mx\/index.php?rest_route=%2Fwp%2Fv2%2Fmedia&parent=58911"}],"wp:term":[{"taxonomy":"category","embeddable":true,"href":"https:\/\/encuentroinformativo.com.mx\/index.php?rest_route=%2Fwp%2Fv2%2Fcategories&post=58911"},{"taxonomy":"post_tag","embeddable":true,"href":"https:\/\/encuentroinformativo.com.mx\/index.php?rest_route=%2Fwp%2Fv2%2Ftags&post=58911"}],"curies":[{"name":"wp","href":"https:\/\/api.w.org\/{rel}","templated":true}]}}