{"id":58914,"date":"2024-09-25T11:43:56","date_gmt":"2024-09-25T17:43:56","guid":{"rendered":"https:\/\/encuentroinformativo.com.mx\/?p=58914"},"modified":"2024-09-25T11:44:01","modified_gmt":"2024-09-25T17:44:01","slug":"en-segunda-edicion-de-fashion-model-veracruz-con-causa-regalan-vestidos-para-xv-anos","status":"publish","type":"post","link":"https:\/\/encuentroinformativo.com.mx\/?p=58914","title":{"rendered":"En segunda edici\u00f3n de Fashion Model Veracruz con causa, regalan vestidos para XV a\u00f1os"},"content":{"rendered":"\n<p><strong>Alejandro \u00c1vila<\/strong><\/p>\n\n\n\n<p>Veracruz, Ver.- El pr\u00f3ximo 28 de septiembre la Comunidad Jarochos Alianza y la A.C. Indiscriminaci\u00f3n, realizar\u00e1 en el Sal\u00f3n Reinas del Club de Leones de la ciudad de Veracruz, la Segunda edici\u00f3n del evento con causa &#8220;Fashion Model Veracruz&#8221;.<\/p>\n\n\n\n<p>De acuerdo con Guillermo Izacur Maldonado, presidente de la Asociaci\u00f3n Civil, detall\u00f3 que en la Segunda edici\u00f3n del &#8220;Fashion Model Veracruz&#8221; participar\u00e1n los mejores dise\u00f1adores del Estado de Veracruz, quienes dar\u00e1n a conocer mediante una pasarela, zapatillas, vestidos de noche, de vanguardia, vestidos de reinas, entre otras prendas.<\/p>\n\n\n\n<p>Mencion\u00f3 que el evento altruista est\u00e1 programado a la cinco de la tarde y es en apoyo a Asociaciones Civiles dedicadas al rescate de animalitos callejeros &#8220;que no tienen voz&#8221;.<\/p>\n\n\n\n<p>&#8220;El evento se realizar\u00e1 el pr\u00f3ximo s\u00e1bado 28 de septiembre a partir de las cinco de la tarde, en el sal\u00f3n Reinas de la Cueva de Leones ubicado en Sim\u00f3n Bolivar casi esquina Negrete. La entrada es completamente gratis, se sugiere llevar un kilo de alimentos para mascotas las cuales se donar\u00e1n a asociaciones civiles dedicadas al rescate de perritos y gatitos callejeros, los que no tienen voz&#8221;, coment\u00f3 Guillermo Izacur Maldonado, presidente de la Comunidad Jarochos.<\/p>\n\n\n\n<p>Agreg\u00f3 que, en el \u201cFashion Model Veracruz 2024\u201d se obsequiar\u00e1n cinco vestidos para quincea\u00f1eras, para poder participar en las din\u00e1micas solo tienen que entrar a la p\u00e1gina oficial de Comunidad Jarochos Alianza para la inclusi\u00f3n y la indiscriminacion A.C. y mencionar en una historia por qu\u00e9 quieren participar.<\/p>\n\n\n\n<p>Finalmente el activista de los derechos de la comunidad LGBTI confirm\u00f3 que, adem\u00e1s de dise\u00f1adores a este evento con causa se unir\u00e1n empresarios de la conurbaci\u00f3n Veracruz &#8211; Boca del R\u00edo, para hacer de esta pasarela un evento con causa.<\/p>\n","protected":false},"excerpt":{"rendered":"<p>Alejandro \u00c1vila Veracruz, Ver.- El pr\u00f3ximo 28 de septiembre la Comunidad Jarochos Alianza y la A.C. Indiscriminaci\u00f3n, realizar\u00e1 en el Sal\u00f3n Reinas del Club de Leones de la ciudad de Veracruz, la Segunda edici\u00f3n del evento con causa &#8220;Fashion Model Veracruz&#8221;. De acuerdo con Guillermo Izacur Maldonado, presidente de la Asociaci\u00f3n Civil, detall\u00f3 que en [&hellip;]<\/p>\n","protected":false},"author":2476,"featured_media":58915,"comment_status":"open","ping_status":"open","sticky":false,"template":"","format":"standard","meta":{"_jetpack_memberships_contains_paid_content":false,"footnotes":""},"categories":[2],"tags":[],"class_list":["post-58914","post","type-post","status-publish","format-standard","has-post-thumbnail","hentry","category-estado"],"jetpack_featured_media_url":"https:\/\/encuentroinformativo.com.mx\/wp-content\/uploads\/2024\/09\/IMG-20240925-WA00552.jpg","jetpack_sharing_enabled":true,"jetpack_likes_enabled":true,"amp_enabled":true,"_links":{"self":[{"href":"https:\/\/encuentroinformativo.com.mx\/index.php?rest_route=\/wp\/v2\/posts\/58914","targetHints":{"allow":["GET"]}}],"collection":[{"href":"https:\/\/encuentroinformativo.com.mx\/index.php?rest_route=\/wp\/v2\/posts"}],"about":[{"href":"https:\/\/encuentroinformativo.com.mx\/index.php?rest_route=\/wp\/v2\/types\/post"}],"author":[{"embeddable":true,"href":"https:\/\/encuentroinformativo.com.mx\/index.php?rest_route=\/wp\/v2\/users\/2476"}],"replies":[{"embeddable":true,"href":"https:\/\/encuentroinformativo.com.mx\/index.php?rest_route=%2Fwp%2Fv2%2Fcomments&post=58914"}],"version-history":[{"count":1,"href":"https:\/\/encuentroinformativo.com.mx\/index.php?rest_route=\/wp\/v2\/posts\/58914\/revisions"}],"predecessor-version":[{"id":58916,"href":"https:\/\/encuentroinformativo.com.mx\/index.php?rest_route=\/wp\/v2\/posts\/58914\/revisions\/58916"}],"wp:featuredmedia":[{"embeddable":true,"href":"https:\/\/encuentroinformativo.com.mx\/index.php?rest_route=\/wp\/v2\/media\/58915"}],"wp:attachment":[{"href":"https:\/\/encuentroinformativo.com.mx\/index.php?rest_route=%2Fwp%2Fv2%2Fmedia&parent=58914"}],"wp:term":[{"taxonomy":"category","embeddable":true,"href":"https:\/\/encuentroinformativo.com.mx\/index.php?rest_route=%2Fwp%2Fv2%2Fcategories&post=58914"},{"taxonomy":"post_tag","embeddable":true,"href":"https:\/\/encuentroinformativo.com.mx\/index.php?rest_route=%2Fwp%2Fv2%2Ftags&post=58914"}],"curies":[{"name":"wp","href":"https:\/\/api.w.org\/{rel}","templated":true}]}}