{"id":58920,"date":"2024-09-25T11:57:02","date_gmt":"2024-09-25T17:57:02","guid":{"rendered":"https:\/\/encuentroinformativo.com.mx\/?p=58920"},"modified":"2024-09-25T11:57:08","modified_gmt":"2024-09-25T17:57:08","slug":"centro-cultural-leyes-de-reforma-cerrara-los-lunes","status":"publish","type":"post","link":"https:\/\/encuentroinformativo.com.mx\/?p=58920","title":{"rendered":"Centro Cultural &#8220;Leyes de Reforma&#8221; cerrar\u00e1 los lunes"},"content":{"rendered":"\n<p><strong>Alejandro \u00c1vila<\/strong><\/p>\n\n\n\n<p>Veracruz, Ver.- A partir de este 24 de septiembre en horario de 10 de la ma\u00f1ana a 6 de la tarde se encuentra a disposici\u00f3n de los veracruzanos y turistas el Centro Cultural &#8220;Leyes de Reforma&#8221;, recinto inaugurado el pasado domingo por el presidente, Andr\u00e9s Manuel L\u00f3pez Obrador.<\/p>\n\n\n\n<p>Su director, Carlos L\u00f3pez Mar\u00edn, mencion\u00f3 que el \u00fanico d\u00eda cerrado al p\u00fablico ser\u00e1 los lunes, el resto de la semana podr\u00e1n disfrutar de la sala permanente que habla sobre las Leyes de Reforma de forma gratuita.<\/p>\n\n\n\n<p>&#8220;Cu\u00e1l fue su contexto, participantes, bandos, circunstancias y, en la segunda mitad de esta exposici\u00f3n van a poder encontrar algunas leyes, derechos que se desprenden de esta guerra y, sobre todo, van a poder encontrar la vigencia de las Leyes de Reforma en la actualidad, que derechos tenemos actualmente gracias a ese momento hist\u00f3rico&#8221;, puntualiz\u00f3.<\/p>\n\n\n\n<p>Carlos L\u00f3pez detall\u00f3 que en el recinto recientemente remodelado bajo los lineamientos del Instituto Nacional de Antropolog\u00eda e Historia (INAH), en su \u00e9poca fungi\u00f3 como zona administrativas, y es ah\u00ed donde se expidi\u00f3 el c\u00f3digo legislativo conocido como &#8220;Leyes de Reforma&#8221;; y en \u00e9pocas posteriores, incluso fue el Consulado de los Estados Unidos en M\u00e9xico.<\/p>\n\n\n\n<p>&#8220;Aqu\u00ed se promulgaron dichas leyes, tanto Ju\u00e1rez como sus Ministros trabajaron en ellas&#8221;, remat\u00f3.<\/p>\n","protected":false},"excerpt":{"rendered":"<p>Alejandro \u00c1vila Veracruz, Ver.- A partir de este 24 de septiembre en horario de 10 de la ma\u00f1ana a 6 de la tarde se encuentra a disposici\u00f3n de los veracruzanos y turistas el Centro Cultural &#8220;Leyes de Reforma&#8221;, recinto inaugurado el pasado domingo por el presidente, Andr\u00e9s Manuel L\u00f3pez Obrador. Su director, Carlos L\u00f3pez Mar\u00edn, [&hellip;]<\/p>\n","protected":false},"author":2476,"featured_media":58921,"comment_status":"open","ping_status":"open","sticky":false,"template":"","format":"standard","meta":{"_jetpack_memberships_contains_paid_content":false,"footnotes":""},"categories":[2],"tags":[],"class_list":["post-58920","post","type-post","status-publish","format-standard","has-post-thumbnail","hentry","category-estado"],"jetpack_featured_media_url":"https:\/\/encuentroinformativo.com.mx\/wp-content\/uploads\/2024\/09\/IMG-20240925-WA0057.jpg","jetpack_sharing_enabled":true,"jetpack_likes_enabled":true,"amp_enabled":true,"_links":{"self":[{"href":"https:\/\/encuentroinformativo.com.mx\/index.php?rest_route=\/wp\/v2\/posts\/58920","targetHints":{"allow":["GET"]}}],"collection":[{"href":"https:\/\/encuentroinformativo.com.mx\/index.php?rest_route=\/wp\/v2\/posts"}],"about":[{"href":"https:\/\/encuentroinformativo.com.mx\/index.php?rest_route=\/wp\/v2\/types\/post"}],"author":[{"embeddable":true,"href":"https:\/\/encuentroinformativo.com.mx\/index.php?rest_route=\/wp\/v2\/users\/2476"}],"replies":[{"embeddable":true,"href":"https:\/\/encuentroinformativo.com.mx\/index.php?rest_route=%2Fwp%2Fv2%2Fcomments&post=58920"}],"version-history":[{"count":1,"href":"https:\/\/encuentroinformativo.com.mx\/index.php?rest_route=\/wp\/v2\/posts\/58920\/revisions"}],"predecessor-version":[{"id":58922,"href":"https:\/\/encuentroinformativo.com.mx\/index.php?rest_route=\/wp\/v2\/posts\/58920\/revisions\/58922"}],"wp:featuredmedia":[{"embeddable":true,"href":"https:\/\/encuentroinformativo.com.mx\/index.php?rest_route=\/wp\/v2\/media\/58921"}],"wp:attachment":[{"href":"https:\/\/encuentroinformativo.com.mx\/index.php?rest_route=%2Fwp%2Fv2%2Fmedia&parent=58920"}],"wp:term":[{"taxonomy":"category","embeddable":true,"href":"https:\/\/encuentroinformativo.com.mx\/index.php?rest_route=%2Fwp%2Fv2%2Fcategories&post=58920"},{"taxonomy":"post_tag","embeddable":true,"href":"https:\/\/encuentroinformativo.com.mx\/index.php?rest_route=%2Fwp%2Fv2%2Ftags&post=58920"}],"curies":[{"name":"wp","href":"https:\/\/api.w.org\/{rel}","templated":true}]}}