{"id":58923,"date":"2024-09-25T12:38:08","date_gmt":"2024-09-25T18:38:08","guid":{"rendered":"https:\/\/encuentroinformativo.com.mx\/?p=58923"},"modified":"2024-09-25T12:38:14","modified_gmt":"2024-09-25T18:38:14","slug":"en-noviembre-veracruz-sera-sede-de-la-cumbre-nacional-lgbt","status":"publish","type":"post","link":"https:\/\/encuentroinformativo.com.mx\/?p=58923","title":{"rendered":"En noviembre, Veracruz ser\u00e1 sede de la Cumbre Nacional LGBT"},"content":{"rendered":"\n<p><strong>Alejandro \u00c1vila<\/strong><\/p>\n\n\n\n<p>Veracruz, Ver.- Del 15 al 17 de noviembre, Veracruz ser\u00e1 sede de la Cumbre Nacional LGBT, evento que atraer\u00e1 activistas de todos los estados de la rep\u00fablica y se desarrollar\u00e1 en tres espacios.<\/p>\n\n\n\n<p>La mesa de bienvenida se realizar\u00e1 el pr\u00f3ximo 15 de noviembre en el Instituto Veracruzano de las Artes &#8220;Hugi Arg\u00fcelles&#8221;; el 16 de noviembre, las mesas de trabajo y el pliego petitorio que se entregar\u00e1 a los Diputados y Senadores ser\u00e1n en el World Trade Center de Boca del R\u00edo; finalmente, el 17 de noviembre se realizar\u00e1 una marcha por el bulevard &#8220;Manuel \u00c1vila Camacho&#8221;, con la representaci\u00f3n de toda la comunidad LGBT de M\u00e9xico.<\/p>\n\n\n\n<p>&#8220;Hay iniciativas pendientes, es un foro, conversatorio, todo lo que tiene que ver con talleres, informaci\u00f3n, pero vamos a llevar todo el tema a la Legislatura, el tema de las iniciativas, como ustedes saben el estado de Veracruz tiene una deuda hist\u00f3rica con las iniciativas de identidad de g\u00e9nero, la prohibici\u00f3n de las terapias de conversi\u00f3n, una fiscal\u00eda especializada, viene un nuevo gobierno donde precisamente tienen que atender estas exigencias y estas demandas de nuestras poblaciones diversas&#8221;, expres\u00f3, Leonardo Ruiz.<\/p>\n\n\n\n<p>En dicho evento se presentar\u00e1 Kenia Cuevas, qui\u00e9n ser\u00e1 la madrina del desfile y presentar\u00e1 la iniciativa de Paola Buenrostro, misma que se refiere al tema de los transfeminicidios.<\/p>\n\n\n\n<p>Para dicho evento que detonar\u00e1 el turismo LGBT en Veracruz, se espera la presencia de m\u00e1s de 250 activistas de todo M\u00e9xico.<\/p>\n","protected":false},"excerpt":{"rendered":"<p>Alejandro \u00c1vila Veracruz, Ver.- Del 15 al 17 de noviembre, Veracruz ser\u00e1 sede de la Cumbre Nacional LGBT, evento que atraer\u00e1 activistas de todos los estados de la rep\u00fablica y se desarrollar\u00e1 en tres espacios. La mesa de bienvenida se realizar\u00e1 el pr\u00f3ximo 15 de noviembre en el Instituto Veracruzano de las Artes &#8220;Hugi Arg\u00fcelles&#8221;; [&hellip;]<\/p>\n","protected":false},"author":2476,"featured_media":58924,"comment_status":"open","ping_status":"open","sticky":false,"template":"","format":"standard","meta":{"_jetpack_memberships_contains_paid_content":false,"footnotes":""},"categories":[2],"tags":[],"class_list":["post-58923","post","type-post","status-publish","format-standard","has-post-thumbnail","hentry","category-estado"],"jetpack_featured_media_url":"https:\/\/encuentroinformativo.com.mx\/wp-content\/uploads\/2024\/09\/IMG-20240925-WA0059.jpg","jetpack_sharing_enabled":true,"jetpack_likes_enabled":true,"amp_enabled":true,"_links":{"self":[{"href":"https:\/\/encuentroinformativo.com.mx\/index.php?rest_route=\/wp\/v2\/posts\/58923","targetHints":{"allow":["GET"]}}],"collection":[{"href":"https:\/\/encuentroinformativo.com.mx\/index.php?rest_route=\/wp\/v2\/posts"}],"about":[{"href":"https:\/\/encuentroinformativo.com.mx\/index.php?rest_route=\/wp\/v2\/types\/post"}],"author":[{"embeddable":true,"href":"https:\/\/encuentroinformativo.com.mx\/index.php?rest_route=\/wp\/v2\/users\/2476"}],"replies":[{"embeddable":true,"href":"https:\/\/encuentroinformativo.com.mx\/index.php?rest_route=%2Fwp%2Fv2%2Fcomments&post=58923"}],"version-history":[{"count":1,"href":"https:\/\/encuentroinformativo.com.mx\/index.php?rest_route=\/wp\/v2\/posts\/58923\/revisions"}],"predecessor-version":[{"id":58925,"href":"https:\/\/encuentroinformativo.com.mx\/index.php?rest_route=\/wp\/v2\/posts\/58923\/revisions\/58925"}],"wp:featuredmedia":[{"embeddable":true,"href":"https:\/\/encuentroinformativo.com.mx\/index.php?rest_route=\/wp\/v2\/media\/58924"}],"wp:attachment":[{"href":"https:\/\/encuentroinformativo.com.mx\/index.php?rest_route=%2Fwp%2Fv2%2Fmedia&parent=58923"}],"wp:term":[{"taxonomy":"category","embeddable":true,"href":"https:\/\/encuentroinformativo.com.mx\/index.php?rest_route=%2Fwp%2Fv2%2Fcategories&post=58923"},{"taxonomy":"post_tag","embeddable":true,"href":"https:\/\/encuentroinformativo.com.mx\/index.php?rest_route=%2Fwp%2Fv2%2Ftags&post=58923"}],"curies":[{"name":"wp","href":"https:\/\/api.w.org\/{rel}","templated":true}]}}