{"id":58942,"date":"2024-09-25T22:45:03","date_gmt":"2024-09-26T04:45:03","guid":{"rendered":"https:\/\/encuentroinformativo.com.mx\/?p=58942"},"modified":"2024-09-25T22:45:09","modified_gmt":"2024-09-26T04:45:09","slug":"pri-debe-privilegiar-a-las-bases-afirma-diputada","status":"publish","type":"post","link":"https:\/\/encuentroinformativo.com.mx\/?p=58942","title":{"rendered":"PRI debe privilegiar a las bases, afirma Diputada"},"content":{"rendered":"\n<p><strong>Dar\u00edo Pale <\/strong><\/p>\n\n\n\n<p>Xalapa, Ver.- La diputada local pri\u00edsta, Ariadna \u00c1ngeles Aguirre, dio a conocer que los perredistas deben formarse en la fila, PRI debe privilegiar a los suyos, ademas dijo que abr\u00eda alianzas parciales con el PAN.<\/p>\n\n\n\n<p>En entrevista defini\u00f3 que aunque en el tricolor siempre ha habido inclusi\u00f3n, aquellos perredistas que se quieran sumar, se deben formar en la fila, el Partido privilegiar\u00e1 a quienes han sido leales.<\/p>\n\n\n\n<p>Hay que recordar que el l\u00edder de su partido, Adolfo Ram\u00edrez Arana, dio a conocer que un &#8220;ala&#8221; del PRD se est\u00e1 sumando al instituto pol\u00edtico, entre ellos el exdirigente del Sol Azteca, Sergio Cadena Mart\u00ednez.<\/p>\n\n\n\n<p>La legisladora destac\u00f3 que hay gente que ha trabajado por el tricolor, gente que ha hecho labor de campo, de contacto con los ciudadanos, as\u00ed como con la militancia.<\/p>\n\n\n\n<p>&#8220;Yo siempre he dicho: es como en la colita, hay que formarse, no es un tema de que lleguen y se premien&#8221;, manifest\u00f3.<\/p>\n\n\n\n<p>Reconoci\u00f3 que el PRI siempre ha demostrado apertura e inclusi\u00f3n y seguramente tomar\u00e1 en cuenta liderazgos.<\/p>\n\n\n\n<p>Opin\u00f3 que deber\u00e1 haber actos de congruencia entre lo que se dice y lo que se hace, pero insisti\u00f3 en que primero se debe corresponder a los militantes, a los ciudadanos, con hechos y acciones.<\/p>\n\n\n\n<p>\u00c1ngeles Aguirre reconoci\u00f3 que deber\u00e1n analizar aquellos que tengan liderazgos en cada una de las regiones, pero deben apoyar a los que siempre han estado firmes y han sido leales al PRI.<\/p>\n\n\n\n<p>&#8220;Son las cartas que debemos de valorar en primera y ya se vendr\u00e1n temas de acuerdos, de negociaciones, pero siempre viendo por la militancia, por la base&#8221;, asever\u00f3.<\/p>\n\n\n\n<p>En relaci\u00f3n al pr\u00f3ximo proceso electoral local, que arrancar\u00e1 en el mes de noviembre, la legisladora opin\u00f3 que podr\u00eda haber alianzas parciales con el PAN.<\/p>\n\n\n\n<p>Finalmente dio a conocer que, &#8220;en algunos lugares donde son necesarias esas alianzas, como en algunos otros que hemos visto que no hay forma de ponerse aliar y que a veces ha sido contraproducente&#8221;.<\/p>\n","protected":false},"excerpt":{"rendered":"<p>Dar\u00edo Pale Xalapa, Ver.- La diputada local pri\u00edsta, Ariadna \u00c1ngeles Aguirre, dio a conocer que los perredistas deben formarse en la fila, PRI debe privilegiar a los suyos, ademas dijo que abr\u00eda alianzas parciales con el PAN. En entrevista defini\u00f3 que aunque en el tricolor siempre ha habido inclusi\u00f3n, aquellos perredistas que se quieran sumar, [&hellip;]<\/p>\n","protected":false},"author":2476,"featured_media":58943,"comment_status":"open","ping_status":"open","sticky":false,"template":"","format":"standard","meta":{"_jetpack_memberships_contains_paid_content":false,"footnotes":""},"categories":[2],"tags":[],"class_list":["post-58942","post","type-post","status-publish","format-standard","has-post-thumbnail","hentry","category-estado"],"jetpack_featured_media_url":"https:\/\/encuentroinformativo.com.mx\/wp-content\/uploads\/2024\/09\/IMG-20240925-WA0168.jpg","jetpack_sharing_enabled":true,"jetpack_likes_enabled":true,"amp_enabled":true,"_links":{"self":[{"href":"https:\/\/encuentroinformativo.com.mx\/index.php?rest_route=\/wp\/v2\/posts\/58942","targetHints":{"allow":["GET"]}}],"collection":[{"href":"https:\/\/encuentroinformativo.com.mx\/index.php?rest_route=\/wp\/v2\/posts"}],"about":[{"href":"https:\/\/encuentroinformativo.com.mx\/index.php?rest_route=\/wp\/v2\/types\/post"}],"author":[{"embeddable":true,"href":"https:\/\/encuentroinformativo.com.mx\/index.php?rest_route=\/wp\/v2\/users\/2476"}],"replies":[{"embeddable":true,"href":"https:\/\/encuentroinformativo.com.mx\/index.php?rest_route=%2Fwp%2Fv2%2Fcomments&post=58942"}],"version-history":[{"count":1,"href":"https:\/\/encuentroinformativo.com.mx\/index.php?rest_route=\/wp\/v2\/posts\/58942\/revisions"}],"predecessor-version":[{"id":58944,"href":"https:\/\/encuentroinformativo.com.mx\/index.php?rest_route=\/wp\/v2\/posts\/58942\/revisions\/58944"}],"wp:featuredmedia":[{"embeddable":true,"href":"https:\/\/encuentroinformativo.com.mx\/index.php?rest_route=\/wp\/v2\/media\/58943"}],"wp:attachment":[{"href":"https:\/\/encuentroinformativo.com.mx\/index.php?rest_route=%2Fwp%2Fv2%2Fmedia&parent=58942"}],"wp:term":[{"taxonomy":"category","embeddable":true,"href":"https:\/\/encuentroinformativo.com.mx\/index.php?rest_route=%2Fwp%2Fv2%2Fcategories&post=58942"},{"taxonomy":"post_tag","embeddable":true,"href":"https:\/\/encuentroinformativo.com.mx\/index.php?rest_route=%2Fwp%2Fv2%2Ftags&post=58942"}],"curies":[{"name":"wp","href":"https:\/\/api.w.org\/{rel}","templated":true}]}}