{"id":58952,"date":"2024-09-26T11:57:36","date_gmt":"2024-09-26T17:57:36","guid":{"rendered":"https:\/\/encuentroinformativo.com.mx\/?p=58952"},"modified":"2024-09-26T11:57:42","modified_gmt":"2024-09-26T17:57:42","slug":"cambiara-reglamentacion-para-pueblos-magicos-sectur","status":"publish","type":"post","link":"https:\/\/encuentroinformativo.com.mx\/?p=58952","title":{"rendered":"Cambiar\u00e1 reglamentaci\u00f3n para Pueblos M\u00e1gicos: Sectur"},"content":{"rendered":"\n<p><strong>Dar\u00edo Pale<\/strong><\/p>\n\n\n\n<p>Xalapa, Ver.- Para la pr\u00f3xima administraci\u00f3n habr\u00e1 una nueva reglamentaci\u00f3n a la que los pueblos m\u00e1gicos se tendr\u00e1n que apegar, pero adem\u00e1s m\u00e1s apoyos que vendr\u00e1n directo del Gobierno Federal y Estatal, asi lo dio a conocer el titular de la Secretar\u00eda de Turismo de Veracruz, Iv\u00e1n Mart\u00ednez Olvera.<\/p>\n\n\n\n<p>En entrevista en la Guardia de Los Berros se\u00f1al\u00f3 que, &#8220;a partir de la siguiente administraci\u00f3n, la secretar\u00eda ya nos dio\u00a0 pautas de que va a haber nueva reglamentaci\u00f3n que se tendr\u00e1n que apegar, que vendr\u00e1n m\u00e1s apoyos para los pueblos m\u00e1gicos directos de la Federaci\u00f3n y del Estado\u201d, explic\u00f3.<\/p>\n\n\n\n<p>Indic\u00f3 adem\u00e1s que habr\u00e1 otro tipo de promoci\u00f3n y una estructura diferente, tambi\u00e9n se lanzar\u00e1 una convocatoria tanto para nuevos pueblos m\u00e1gicos y para la permanencia de los que ya existen.<\/p>\n\n\n\n<p>Sobre el Festival Internacional Xalapa y su Cultura, el cual se efect\u00faa en el mes de noviembre, asegur\u00f3 que se presentar\u00e1n La Tremenda Corte, La Maldita Vecindad y La DJ Yudith, adem\u00e1s de otras sorpresas.<\/p>\n\n\n\n<p>Por \u00faltimo agreg\u00f3 que se afina el programa, pues son m\u00e1s de 120 actividades que se ofrecer\u00e1n durante este festival.<\/p>\n","protected":false},"excerpt":{"rendered":"<p>Dar\u00edo Pale Xalapa, Ver.- Para la pr\u00f3xima administraci\u00f3n habr\u00e1 una nueva reglamentaci\u00f3n a la que los pueblos m\u00e1gicos se tendr\u00e1n que apegar, pero adem\u00e1s m\u00e1s apoyos que vendr\u00e1n directo del Gobierno Federal y Estatal, asi lo dio a conocer el titular de la Secretar\u00eda de Turismo de Veracruz, Iv\u00e1n Mart\u00ednez Olvera. En entrevista en la [&hellip;]<\/p>\n","protected":false},"author":2476,"featured_media":58953,"comment_status":"open","ping_status":"open","sticky":false,"template":"","format":"standard","meta":{"_jetpack_memberships_contains_paid_content":false,"footnotes":""},"categories":[2],"tags":[],"class_list":["post-58952","post","type-post","status-publish","format-standard","has-post-thumbnail","hentry","category-estado"],"jetpack_featured_media_url":"https:\/\/encuentroinformativo.com.mx\/wp-content\/uploads\/2024\/09\/IMG-20240926-WA0017.jpg","jetpack_sharing_enabled":true,"jetpack_likes_enabled":true,"amp_enabled":true,"_links":{"self":[{"href":"https:\/\/encuentroinformativo.com.mx\/index.php?rest_route=\/wp\/v2\/posts\/58952","targetHints":{"allow":["GET"]}}],"collection":[{"href":"https:\/\/encuentroinformativo.com.mx\/index.php?rest_route=\/wp\/v2\/posts"}],"about":[{"href":"https:\/\/encuentroinformativo.com.mx\/index.php?rest_route=\/wp\/v2\/types\/post"}],"author":[{"embeddable":true,"href":"https:\/\/encuentroinformativo.com.mx\/index.php?rest_route=\/wp\/v2\/users\/2476"}],"replies":[{"embeddable":true,"href":"https:\/\/encuentroinformativo.com.mx\/index.php?rest_route=%2Fwp%2Fv2%2Fcomments&post=58952"}],"version-history":[{"count":1,"href":"https:\/\/encuentroinformativo.com.mx\/index.php?rest_route=\/wp\/v2\/posts\/58952\/revisions"}],"predecessor-version":[{"id":58954,"href":"https:\/\/encuentroinformativo.com.mx\/index.php?rest_route=\/wp\/v2\/posts\/58952\/revisions\/58954"}],"wp:featuredmedia":[{"embeddable":true,"href":"https:\/\/encuentroinformativo.com.mx\/index.php?rest_route=\/wp\/v2\/media\/58953"}],"wp:attachment":[{"href":"https:\/\/encuentroinformativo.com.mx\/index.php?rest_route=%2Fwp%2Fv2%2Fmedia&parent=58952"}],"wp:term":[{"taxonomy":"category","embeddable":true,"href":"https:\/\/encuentroinformativo.com.mx\/index.php?rest_route=%2Fwp%2Fv2%2Fcategories&post=58952"},{"taxonomy":"post_tag","embeddable":true,"href":"https:\/\/encuentroinformativo.com.mx\/index.php?rest_route=%2Fwp%2Fv2%2Ftags&post=58952"}],"curies":[{"name":"wp","href":"https:\/\/api.w.org\/{rel}","templated":true}]}}