{"id":58979,"date":"2024-09-27T09:55:12","date_gmt":"2024-09-27T15:55:12","guid":{"rendered":"https:\/\/encuentroinformativo.com.mx\/?p=58979"},"modified":"2024-09-27T09:55:18","modified_gmt":"2024-09-27T15:55:18","slug":"trabajadores-del-poder-judicial-realizan-bloqueos-en-la-avenida-lazaro-cardenas","status":"publish","type":"post","link":"https:\/\/encuentroinformativo.com.mx\/?p=58979","title":{"rendered":"Trabajadores del Poder Judicial realizan bloqueos en la avenida L\u00e1zaro C\u00e1rdenas"},"content":{"rendered":"\n<p><strong>Dar\u00edo Pale <\/strong><\/p>\n\n\n\n<p>Xalapa, Ver.- Como parte de las protestas a nivel nacional contra la Reforma Judicial los trabajadores del Poder Judicial de la Federaci\u00f3n cerraron la ma\u00f1ana de este viernes la carretera Xalapa-Veracruz a la altura de la Secretar\u00eda de Educaci\u00f3n de Veracruz (SEV).<\/p>\n\n\n\n<p>Entrevistado durante la manifestacion Alan Iv\u00e1n Torres Hinojosa, precis\u00f3 que de igual forma acordaron el cierre de las carreteras Tuxpan-M\u00e9xico y la caseta de La Antigua.\u00a0<\/p>\n\n\n\n<p>Los cierres parciales dejan \u00fanicamente un carril para la circulaci\u00f3n de veh\u00edculos, sin embargo provocaron un fuerte caos vial.\u00a0<\/p>\n\n\n\n<p>&#8220;La idea es que se haga un cuello de botella en carreteras para darnos visibilidad&#8221; dijo Alan Iv\u00e1n Torres Hinojosa, uno de los trabajadores del Poder Judicial.\u00a0<\/p>\n\n\n\n<p>En Xalapa participaron trabajadores de los 5 juzgados de distrito, adem\u00e1s de los cuatro Tribunales Colegiados ordinarios, del Centro de Justicia Penal, el Tribunal Colegiado de Apelaci\u00f3n y los cuatro tribunales federales laborales, adem\u00e1s de los dos tribunales auxiliares.\u00a0<\/p>\n\n\n\n<p>&#8220;Es un cierre sin buscar en demas\u00eda a la ciudadan\u00eda, \u00fanica y exclusivamente para que la gente note que seguimos en resistencia&#8221; explic\u00f3.\u00a0<\/p>\n\n\n\n<p>Aseguran que el Poder Judicial de la Federaci\u00f3n seguir\u00e1 en paro laboral hasta que las autoridades estatales y federales cumplan con las determinaciones de suspensiones y sentencias de amparo que emita el Poder Judicial de la Federaci\u00f3n contra la reforma.<\/p>\n\n\n\n<p>Finalmente se\u00f1al\u00f3 que los cierres est\u00e1n programados por tres horas, aunque podr\u00edan prolongarse.<\/p>\n\n\n\n<figure class=\"wp-block-image size-large\"><img loading=\"lazy\" decoding=\"async\" width=\"1024\" height=\"576\" src=\"https:\/\/encuentroinformativo.com.mx\/wp-content\/uploads\/2024\/09\/1000395079-1024x576.jpg\" alt=\"\" class=\"wp-image-58981\" srcset=\"https:\/\/encuentroinformativo.com.mx\/wp-content\/uploads\/2024\/09\/1000395079-1024x576.jpg 1024w, https:\/\/encuentroinformativo.com.mx\/wp-content\/uploads\/2024\/09\/1000395079-300x169.jpg 300w, https:\/\/encuentroinformativo.com.mx\/wp-content\/uploads\/2024\/09\/1000395079-768x432.jpg 768w, https:\/\/encuentroinformativo.com.mx\/wp-content\/uploads\/2024\/09\/1000395079-1536x864.jpg 1536w, https:\/\/encuentroinformativo.com.mx\/wp-content\/uploads\/2024\/09\/1000395079.jpg 1600w\" sizes=\"auto, (max-width: 1024px) 100vw, 1024px\" \/><\/figure>\n\n\n\n<p><\/p>\n","protected":false},"excerpt":{"rendered":"<p>Dar\u00edo Pale Xalapa, Ver.- Como parte de las protestas a nivel nacional contra la Reforma Judicial los trabajadores del Poder Judicial de la Federaci\u00f3n cerraron la ma\u00f1ana de este viernes la carretera Xalapa-Veracruz a la altura de la Secretar\u00eda de Educaci\u00f3n de Veracruz (SEV). Entrevistado durante la manifestacion Alan Iv\u00e1n Torres Hinojosa, precis\u00f3 que de [&hellip;]<\/p>\n","protected":false},"author":2476,"featured_media":58980,"comment_status":"open","ping_status":"open","sticky":false,"template":"","format":"standard","meta":{"_jetpack_memberships_contains_paid_content":false,"footnotes":""},"categories":[3],"tags":[],"class_list":["post-58979","post","type-post","status-publish","format-standard","has-post-thumbnail","hentry","category-xalapa"],"jetpack_featured_media_url":"https:\/\/encuentroinformativo.com.mx\/wp-content\/uploads\/2024\/09\/IMG-20240927-WA0003.jpg","jetpack_sharing_enabled":true,"jetpack_likes_enabled":true,"amp_enabled":true,"_links":{"self":[{"href":"https:\/\/encuentroinformativo.com.mx\/index.php?rest_route=\/wp\/v2\/posts\/58979","targetHints":{"allow":["GET"]}}],"collection":[{"href":"https:\/\/encuentroinformativo.com.mx\/index.php?rest_route=\/wp\/v2\/posts"}],"about":[{"href":"https:\/\/encuentroinformativo.com.mx\/index.php?rest_route=\/wp\/v2\/types\/post"}],"author":[{"embeddable":true,"href":"https:\/\/encuentroinformativo.com.mx\/index.php?rest_route=\/wp\/v2\/users\/2476"}],"replies":[{"embeddable":true,"href":"https:\/\/encuentroinformativo.com.mx\/index.php?rest_route=%2Fwp%2Fv2%2Fcomments&post=58979"}],"version-history":[{"count":1,"href":"https:\/\/encuentroinformativo.com.mx\/index.php?rest_route=\/wp\/v2\/posts\/58979\/revisions"}],"predecessor-version":[{"id":58982,"href":"https:\/\/encuentroinformativo.com.mx\/index.php?rest_route=\/wp\/v2\/posts\/58979\/revisions\/58982"}],"wp:featuredmedia":[{"embeddable":true,"href":"https:\/\/encuentroinformativo.com.mx\/index.php?rest_route=\/wp\/v2\/media\/58980"}],"wp:attachment":[{"href":"https:\/\/encuentroinformativo.com.mx\/index.php?rest_route=%2Fwp%2Fv2%2Fmedia&parent=58979"}],"wp:term":[{"taxonomy":"category","embeddable":true,"href":"https:\/\/encuentroinformativo.com.mx\/index.php?rest_route=%2Fwp%2Fv2%2Fcategories&post=58979"},{"taxonomy":"post_tag","embeddable":true,"href":"https:\/\/encuentroinformativo.com.mx\/index.php?rest_route=%2Fwp%2Fv2%2Ftags&post=58979"}],"curies":[{"name":"wp","href":"https:\/\/api.w.org\/{rel}","templated":true}]}}