{"id":58983,"date":"2024-09-27T11:59:49","date_gmt":"2024-09-27T17:59:49","guid":{"rendered":"https:\/\/encuentroinformativo.com.mx\/?p=58983"},"modified":"2024-09-27T11:59:54","modified_gmt":"2024-09-27T17:59:54","slug":"falta-mayor-supervision-a-docentes-padres-de-familia","status":"publish","type":"post","link":"https:\/\/encuentroinformativo.com.mx\/?p=58983","title":{"rendered":"Falta mayor supervisi\u00f3n a docentes: Padres de Familia"},"content":{"rendered":"\n<p><strong>Dar\u00edo Pale<\/strong><\/p>\n\n\n\n<p>Xalapa, Ver.- El Delegado de la Asociaci\u00f3n Nacional de Padres de Familia en Veracruz Esteban Pablo Rodr\u00edguez Ortega dio a conocer que, los casos de abusos a menores se presentan debido a que los docentes no son supervisados y los padres de familia no denuncian por temor a represalias de los maestros.<\/p>\n\n\n\n<p>Entrevistado en el parque de Los Berros se\u00f1al\u00f3 que, en este sexenio hizo falta m\u00e1s atenci\u00f3n del Secretario de Educaci\u00f3n, Victor Bargas Barrientos para acercarse a la sociedad de Padres de Familia para poder dialogar y trabajar con ellos.<\/p>\n\n\n\n<p>&#8220;Con ser la Secretar\u00eda piensan que los padres de familia somos empleados de ellos, nosotros no somos docentes, nosotros somos padres de familia y que las aportaciones voluntarias salen de nuestros bolsillos por lo cual estamos esperando de alguien que s\u00ed conoce y que si sabe de lo que son la educaci\u00f3n&#8221;, se\u00f1alo.<\/p>\n\n\n\n<p>En cuanto a las denuncias de docentes por abuso de menores, coment\u00f3 que se ha dado mucho ese tipo de situaciones en todo el estado ya que muchas veces no son supervisados y eso ha provocado que se d\u00e9 ese tipo de situaciones, por lo que van a estar muy pendientes y atentos para cuidar a los menores.<\/p>\n\n\n\n<p>&#8220;Yo no te pudiera dar una cantidad pero si se ha recibido este algo de denuncias con el tema, no te pudiera decir que se da diario ni a la voz de ya, pero si se ha estado dando este tipo de situaciones, porque de alguna manera hay que estar muy atentos y yo invito a los padres de familia que platiquen con sus hijos y que les pregunten que es lo que pasa y como los atienden dentro de las aulas es muy importante&#8221;, coment\u00f3.<\/p>\n\n\n\n<p>Del mismo modo, explic\u00f3 que muchas veces los padres de familia temen las represalias por parte de los maestros si presentan alguna denuncia, y muchas veces los directores los encubren puso como ejemplo un caso que le toc\u00f3 en Veracruz\u00a0 con un director que ten\u00eda preferencia sexual distinta y ahi tenia un prefecto que le &#8220;tapaba&#8221; ciertas situaciones de permitir que el abusara de los alumnos.<\/p>\n\n\n\n<p>Finalmente coment\u00f3 que no tiene una cifra exacta de casos pero si reciben entre uno o dos casos al mes, no es constante pero lo importante es que denuncien.<\/p>\n","protected":false},"excerpt":{"rendered":"<p>Dar\u00edo Pale Xalapa, Ver.- El Delegado de la Asociaci\u00f3n Nacional de Padres de Familia en Veracruz Esteban Pablo Rodr\u00edguez Ortega dio a conocer que, los casos de abusos a menores se presentan debido a que los docentes no son supervisados y los padres de familia no denuncian por temor a represalias de los maestros. Entrevistado [&hellip;]<\/p>\n","protected":false},"author":2476,"featured_media":58984,"comment_status":"open","ping_status":"open","sticky":false,"template":"","format":"standard","meta":{"_jetpack_memberships_contains_paid_content":false,"footnotes":""},"categories":[3],"tags":[],"class_list":["post-58983","post","type-post","status-publish","format-standard","has-post-thumbnail","hentry","category-xalapa"],"jetpack_featured_media_url":"https:\/\/encuentroinformativo.com.mx\/wp-content\/uploads\/2024\/09\/IMG-20240927-WA0021.jpg","jetpack_sharing_enabled":true,"jetpack_likes_enabled":true,"amp_enabled":true,"_links":{"self":[{"href":"https:\/\/encuentroinformativo.com.mx\/index.php?rest_route=\/wp\/v2\/posts\/58983","targetHints":{"allow":["GET"]}}],"collection":[{"href":"https:\/\/encuentroinformativo.com.mx\/index.php?rest_route=\/wp\/v2\/posts"}],"about":[{"href":"https:\/\/encuentroinformativo.com.mx\/index.php?rest_route=\/wp\/v2\/types\/post"}],"author":[{"embeddable":true,"href":"https:\/\/encuentroinformativo.com.mx\/index.php?rest_route=\/wp\/v2\/users\/2476"}],"replies":[{"embeddable":true,"href":"https:\/\/encuentroinformativo.com.mx\/index.php?rest_route=%2Fwp%2Fv2%2Fcomments&post=58983"}],"version-history":[{"count":1,"href":"https:\/\/encuentroinformativo.com.mx\/index.php?rest_route=\/wp\/v2\/posts\/58983\/revisions"}],"predecessor-version":[{"id":58985,"href":"https:\/\/encuentroinformativo.com.mx\/index.php?rest_route=\/wp\/v2\/posts\/58983\/revisions\/58985"}],"wp:featuredmedia":[{"embeddable":true,"href":"https:\/\/encuentroinformativo.com.mx\/index.php?rest_route=\/wp\/v2\/media\/58984"}],"wp:attachment":[{"href":"https:\/\/encuentroinformativo.com.mx\/index.php?rest_route=%2Fwp%2Fv2%2Fmedia&parent=58983"}],"wp:term":[{"taxonomy":"category","embeddable":true,"href":"https:\/\/encuentroinformativo.com.mx\/index.php?rest_route=%2Fwp%2Fv2%2Fcategories&post=58983"},{"taxonomy":"post_tag","embeddable":true,"href":"https:\/\/encuentroinformativo.com.mx\/index.php?rest_route=%2Fwp%2Fv2%2Ftags&post=58983"}],"curies":[{"name":"wp","href":"https:\/\/api.w.org\/{rel}","templated":true}]}}