{"id":58996,"date":"2024-09-27T15:32:37","date_gmt":"2024-09-27T21:32:37","guid":{"rendered":"https:\/\/encuentroinformativo.com.mx\/?p=58996"},"modified":"2024-09-27T15:32:44","modified_gmt":"2024-09-27T21:32:44","slug":"por-descargas-electricas-se-pospuso-concierto-de-caifanes","status":"publish","type":"post","link":"https:\/\/encuentroinformativo.com.mx\/?p=58996","title":{"rendered":"Por descargas el\u00e9ctricas se pospuso concierto de Caifanes"},"content":{"rendered":"\n<p><strong>Alejandro \u00c1vila<\/strong><\/p>\n\n\n\n<p>Xalapa, Ver.- Descargas el\u00e9ctricas fue el motivo por el cual el grupo de rock, Caifanes, decidi\u00f3 posponer su concierto programado para este jueves 26 de septiembre en el Vel\u00f3dromo de Xalapa, recorri\u00e9ndolo solo un d\u00eda m\u00e1s.<\/p>\n\n\n\n<p>El l\u00edder de la agrupaci\u00f3n, Sa\u00fal Hern\u00e1ndez, mencion\u00f3 que el concierto para la noche de este viernes 27 de septiembre est\u00e1 garantizado.<\/p>\n\n\n\n<p>&#8220;S\u00ed con la electricidad hab\u00eda descargas el\u00e9ctricas, a uno de nuestros chicos le dieron dos descargas, se tron\u00f3 un ampli (\u2026) yo no podr\u00eda decirte cual fue el motivo al 100 por ciento, pero eso fue un problema grande, ya se est\u00e1 solucionando y decidimos quedarnos para hacer el concierto&#8221;, expres\u00f3.<\/p>\n\n\n\n<p>El otro tema, Sa\u00fal Hern\u00e1ndez, qui\u00e9n constantemente en sus conciertos se ha pronunciado al respecto del caso Ayotzinapan, lament\u00f3 que durante la pasada administraci\u00f3n federal no se haya logrado esclarecer lo sucedido y darle tranquilidad a los familiares de los 43 desaparecidos.<\/p>\n\n\n\n<p>&#8220;Ojal\u00e1 y la pr\u00f3xima administraci\u00f3n pudiese retomar y darle paz a los familiares, que la verdad es un sufrimiento muy grande y tambi\u00e9n para toda la naci\u00f3n&#8221;, culmin\u00f3.<\/p>\n","protected":false},"excerpt":{"rendered":"<p>Alejandro \u00c1vila Xalapa, Ver.- Descargas el\u00e9ctricas fue el motivo por el cual el grupo de rock, Caifanes, decidi\u00f3 posponer su concierto programado para este jueves 26 de septiembre en el Vel\u00f3dromo de Xalapa, recorri\u00e9ndolo solo un d\u00eda m\u00e1s. El l\u00edder de la agrupaci\u00f3n, Sa\u00fal Hern\u00e1ndez, mencion\u00f3 que el concierto para la noche de este viernes [&hellip;]<\/p>\n","protected":false},"author":2476,"featured_media":58997,"comment_status":"open","ping_status":"open","sticky":false,"template":"","format":"standard","meta":{"_jetpack_memberships_contains_paid_content":false,"footnotes":""},"categories":[2],"tags":[],"class_list":["post-58996","post","type-post","status-publish","format-standard","has-post-thumbnail","hentry","category-estado"],"jetpack_featured_media_url":"https:\/\/encuentroinformativo.com.mx\/wp-content\/uploads\/2024\/09\/20240927_152851.jpg","jetpack_sharing_enabled":true,"jetpack_likes_enabled":true,"amp_enabled":true,"_links":{"self":[{"href":"https:\/\/encuentroinformativo.com.mx\/index.php?rest_route=\/wp\/v2\/posts\/58996","targetHints":{"allow":["GET"]}}],"collection":[{"href":"https:\/\/encuentroinformativo.com.mx\/index.php?rest_route=\/wp\/v2\/posts"}],"about":[{"href":"https:\/\/encuentroinformativo.com.mx\/index.php?rest_route=\/wp\/v2\/types\/post"}],"author":[{"embeddable":true,"href":"https:\/\/encuentroinformativo.com.mx\/index.php?rest_route=\/wp\/v2\/users\/2476"}],"replies":[{"embeddable":true,"href":"https:\/\/encuentroinformativo.com.mx\/index.php?rest_route=%2Fwp%2Fv2%2Fcomments&post=58996"}],"version-history":[{"count":1,"href":"https:\/\/encuentroinformativo.com.mx\/index.php?rest_route=\/wp\/v2\/posts\/58996\/revisions"}],"predecessor-version":[{"id":58998,"href":"https:\/\/encuentroinformativo.com.mx\/index.php?rest_route=\/wp\/v2\/posts\/58996\/revisions\/58998"}],"wp:featuredmedia":[{"embeddable":true,"href":"https:\/\/encuentroinformativo.com.mx\/index.php?rest_route=\/wp\/v2\/media\/58997"}],"wp:attachment":[{"href":"https:\/\/encuentroinformativo.com.mx\/index.php?rest_route=%2Fwp%2Fv2%2Fmedia&parent=58996"}],"wp:term":[{"taxonomy":"category","embeddable":true,"href":"https:\/\/encuentroinformativo.com.mx\/index.php?rest_route=%2Fwp%2Fv2%2Fcategories&post=58996"},{"taxonomy":"post_tag","embeddable":true,"href":"https:\/\/encuentroinformativo.com.mx\/index.php?rest_route=%2Fwp%2Fv2%2Ftags&post=58996"}],"curies":[{"name":"wp","href":"https:\/\/api.w.org\/{rel}","templated":true}]}}