{"id":59012,"date":"2024-09-28T11:58:46","date_gmt":"2024-09-28T17:58:46","guid":{"rendered":"https:\/\/encuentroinformativo.com.mx\/?p=59012"},"modified":"2024-09-28T11:58:53","modified_gmt":"2024-09-28T17:58:53","slug":"noche-de-accidentes-en-xalapa","status":"publish","type":"post","link":"https:\/\/encuentroinformativo.com.mx\/?p=59012","title":{"rendered":"Noche de accidentes en Xalapa"},"content":{"rendered":"\n<p>Dar\u00edo Pale <\/p>\n\n\n\n<p>Xalapa, Ver.- Se registraron varios accidentes en la zona centro de Xalapa la madrugada de este s\u00e1bado, no se reportan lesionados.<\/p>\n\n\n\n<p>Uno de ellos fue una camioneta la cual circulaba sobre la calle Primo Verdad cuando se impacto primero contra los bolardos y terminado sobre la pared de los negocios de esa zona.<\/p>\n\n\n\n<p>Posteriormente un veh\u00edculo que circulaba sobre la calle de Enr\u00edquez volc\u00f3 casi frente al pasaje Tanos sin que se registrar\u00e1n personas lesionadas.<\/p>\n\n\n\n<p>Finalmente al amanecer de este s\u00e1bado se registr\u00f3 un incendio en el Caf\u00e9 Don Justo, ubicado en la calle Enr\u00edquez y Leandro Valle, frente a palacio de Gobierno.<\/p>\n\n\n\n<p>Al parecer un corto circuito habr\u00eda ocasionado la conflagraci\u00f3n en el edificio construido a finales del siglo XIX y principios del siglo XX y que por muchos a\u00f1os alberg\u00f3 la tienda de ropa Casa Olivier.<\/p>\n\n\n\n<p>Al sitio arribaron elementos de la Polic\u00eda Municipal, as\u00ed como los Bomberos de Xalapa, no se reportan personas lesionadas.<\/p>\n\n\n\n<p>El concurrido caf\u00e9 abri\u00f3 sus puertas en noviembre de 2022, luego de varios meses de permanecer cerrada la distinguida tienda de ropa.<\/p>\n\n\n\n<figure class=\"wp-block-image size-large\"><img loading=\"lazy\" decoding=\"async\" width=\"780\" height=\"1024\" src=\"https:\/\/encuentroinformativo.com.mx\/wp-content\/uploads\/2024\/09\/1000395875-780x1024.jpg\" alt=\"\" class=\"wp-image-59011\" srcset=\"https:\/\/encuentroinformativo.com.mx\/wp-content\/uploads\/2024\/09\/1000395875-780x1024.jpg 780w, https:\/\/encuentroinformativo.com.mx\/wp-content\/uploads\/2024\/09\/1000395875-229x300.jpg 229w, https:\/\/encuentroinformativo.com.mx\/wp-content\/uploads\/2024\/09\/1000395875-768x1008.jpg 768w, https:\/\/encuentroinformativo.com.mx\/wp-content\/uploads\/2024\/09\/1000395875-1170x1536.jpg 1170w, https:\/\/encuentroinformativo.com.mx\/wp-content\/uploads\/2024\/09\/1000395875.jpg 1219w\" sizes=\"auto, (max-width: 780px) 100vw, 780px\" \/><\/figure>\n\n\n\n<figure class=\"wp-block-image size-large\"><img loading=\"lazy\" decoding=\"async\" width=\"1024\" height=\"659\" src=\"https:\/\/encuentroinformativo.com.mx\/wp-content\/uploads\/2024\/09\/1000395878-1024x659.jpg\" alt=\"\" class=\"wp-image-59013\" srcset=\"https:\/\/encuentroinformativo.com.mx\/wp-content\/uploads\/2024\/09\/1000395878-1024x659.jpg 1024w, https:\/\/encuentroinformativo.com.mx\/wp-content\/uploads\/2024\/09\/1000395878-300x193.jpg 300w, https:\/\/encuentroinformativo.com.mx\/wp-content\/uploads\/2024\/09\/1000395878-768x494.jpg 768w, https:\/\/encuentroinformativo.com.mx\/wp-content\/uploads\/2024\/09\/1000395878.jpg 1080w\" sizes=\"auto, (max-width: 1024px) 100vw, 1024px\" \/><\/figure>\n","protected":false},"excerpt":{"rendered":"<p>Dar\u00edo Pale Xalapa, Ver.- Se registraron varios accidentes en la zona centro de Xalapa la madrugada de este s\u00e1bado, no se reportan lesionados. Uno de ellos fue una camioneta la cual circulaba sobre la calle Primo Verdad cuando se impacto primero contra los bolardos y terminado sobre la pared de los negocios de esa zona. [&hellip;]<\/p>\n","protected":false},"author":2476,"featured_media":59010,"comment_status":"open","ping_status":"open","sticky":false,"template":"","format":"standard","meta":{"_jetpack_memberships_contains_paid_content":false,"footnotes":""},"categories":[3],"tags":[],"class_list":["post-59012","post","type-post","status-publish","format-standard","has-post-thumbnail","hentry","category-xalapa"],"jetpack_featured_media_url":"https:\/\/encuentroinformativo.com.mx\/wp-content\/uploads\/2024\/09\/IMG-20240928-WA0007.jpg","jetpack_sharing_enabled":true,"jetpack_likes_enabled":true,"amp_enabled":true,"_links":{"self":[{"href":"https:\/\/encuentroinformativo.com.mx\/index.php?rest_route=\/wp\/v2\/posts\/59012","targetHints":{"allow":["GET"]}}],"collection":[{"href":"https:\/\/encuentroinformativo.com.mx\/index.php?rest_route=\/wp\/v2\/posts"}],"about":[{"href":"https:\/\/encuentroinformativo.com.mx\/index.php?rest_route=\/wp\/v2\/types\/post"}],"author":[{"embeddable":true,"href":"https:\/\/encuentroinformativo.com.mx\/index.php?rest_route=\/wp\/v2\/users\/2476"}],"replies":[{"embeddable":true,"href":"https:\/\/encuentroinformativo.com.mx\/index.php?rest_route=%2Fwp%2Fv2%2Fcomments&post=59012"}],"version-history":[{"count":1,"href":"https:\/\/encuentroinformativo.com.mx\/index.php?rest_route=\/wp\/v2\/posts\/59012\/revisions"}],"predecessor-version":[{"id":59014,"href":"https:\/\/encuentroinformativo.com.mx\/index.php?rest_route=\/wp\/v2\/posts\/59012\/revisions\/59014"}],"wp:featuredmedia":[{"embeddable":true,"href":"https:\/\/encuentroinformativo.com.mx\/index.php?rest_route=\/wp\/v2\/media\/59010"}],"wp:attachment":[{"href":"https:\/\/encuentroinformativo.com.mx\/index.php?rest_route=%2Fwp%2Fv2%2Fmedia&parent=59012"}],"wp:term":[{"taxonomy":"category","embeddable":true,"href":"https:\/\/encuentroinformativo.com.mx\/index.php?rest_route=%2Fwp%2Fv2%2Fcategories&post=59012"},{"taxonomy":"post_tag","embeddable":true,"href":"https:\/\/encuentroinformativo.com.mx\/index.php?rest_route=%2Fwp%2Fv2%2Ftags&post=59012"}],"curies":[{"name":"wp","href":"https:\/\/api.w.org\/{rel}","templated":true}]}}