{"id":59019,"date":"2024-09-28T15:39:02","date_gmt":"2024-09-28T21:39:02","guid":{"rendered":"https:\/\/encuentroinformativo.com.mx\/?p=59019"},"modified":"2024-09-28T15:39:08","modified_gmt":"2024-09-28T21:39:08","slug":"pri-abre-las-puertas-a-perredistas-y-panistas-resentidos","status":"publish","type":"post","link":"https:\/\/encuentroinformativo.com.mx\/?p=59019","title":{"rendered":"PRI abre las puertas a perredistas y panistas &#8220;resentidos&#8221;"},"content":{"rendered":"\n<p><strong>Dar\u00edo Pale <\/strong><\/p>\n\n\n\n<p>Xalapa, Ver.- En el\u00a0Partido Revolucionario Institucional (PRI),\u00a0hay espacio para los panistas que est\u00e1n resentidos por el actuar de los Yunes, adem\u00e1s da\u00a0la bienvenida a los perredistas, partido que perdi\u00f3 su registro, asi lo dio a conocer el\u00a0diputado local y exdirigente del PRI Marlon Ram\u00edrez Mar\u00edn.<\/p>\n\n\n\n<p>En entrevista dio la bienvenida a los perredistas, partido que perdi\u00f3 su registro por no alcanzar el 3 por ciento de la votaci\u00f3n el 2 de junio, que quieran sumarse a las filas del tricolor en Veracruz.<\/p>\n\n\n\n<p>El exdirigente del PRI coment\u00f3 que en el tricolor tambien hay espacio para los panistas que est\u00e1n resentidos por el actuar de los Yunes, que se aliaron con Morena.<\/p>\n\n\n\n<p>El legislador respald\u00f3 lo dicho por el dirigente Adolfo Ram\u00edrez Arana que mencion\u00f3 que se han reunido con cuadros del Sol Azteca y podr\u00edan incorporarlos a las filas del tricolor en Veracruz, luego de que el partido se qued\u00f3 sin registro.<\/p>\n\n\n\n<p>Ram\u00edrez Mar\u00edn record\u00f3 que el Sol Azteca aun cuenta con algunos municipios con presencia importantes, donde la militancia y simpatizantes podr\u00eda generar triunfos con miras a la renovaci\u00f3n de las alcald\u00edas.<\/p>\n\n\n\n<p>\u201cSon bienvenidos, yo tengo una buena relaci\u00f3n con militantes que se han mantenido fiel a los postulados de la izquierda, yo creo que el partido tiene la capacidad de recibirlos. Como en todo hay que ver los casos, las personas, las regiones, las zonas, naturalmente, hay que darle la oportunidad a quienes hemos sido leales y fieles al partido\u201d, se\u00f1al\u00f3.<\/p>\n\n\n\n<p>Cuestionado si no les van a quitar espacios a potenciales candidatos, dijo que el partido tendr\u00e1 que valorar la competitividad de los cuadros del tricolor, no obstante, el extinto PRD mantiene zonas con militantes que pueden inclinar la balanza en una elecci\u00f3n.<\/p>\n\n\n\n<p>Finalmente coment\u00f3 que, &#8220;hay que decir que en algunos pol\u00edgonos del estado el PRD ha mantenido una presencia importante, caso Acayucan, Chicontepec, en la sierra de Otontepec, me parece que ser\u00eda complementario\u201d.<\/p>\n","protected":false},"excerpt":{"rendered":"<p>Dar\u00edo Pale Xalapa, Ver.- En el\u00a0Partido Revolucionario Institucional (PRI),\u00a0hay espacio para los panistas que est\u00e1n resentidos por el actuar de los Yunes, adem\u00e1s da\u00a0la bienvenida a los perredistas, partido que perdi\u00f3 su registro, asi lo dio a conocer el\u00a0diputado local y exdirigente del PRI Marlon Ram\u00edrez Mar\u00edn. En entrevista dio la bienvenida a los perredistas, [&hellip;]<\/p>\n","protected":false},"author":2476,"featured_media":59020,"comment_status":"open","ping_status":"open","sticky":false,"template":"","format":"standard","meta":{"_jetpack_memberships_contains_paid_content":false,"footnotes":""},"categories":[2],"tags":[],"class_list":["post-59019","post","type-post","status-publish","format-standard","has-post-thumbnail","hentry","category-estado"],"jetpack_featured_media_url":"https:\/\/encuentroinformativo.com.mx\/wp-content\/uploads\/2024\/09\/IMG-20240928-WA0049.jpg","jetpack_sharing_enabled":true,"jetpack_likes_enabled":true,"amp_enabled":true,"_links":{"self":[{"href":"https:\/\/encuentroinformativo.com.mx\/index.php?rest_route=\/wp\/v2\/posts\/59019","targetHints":{"allow":["GET"]}}],"collection":[{"href":"https:\/\/encuentroinformativo.com.mx\/index.php?rest_route=\/wp\/v2\/posts"}],"about":[{"href":"https:\/\/encuentroinformativo.com.mx\/index.php?rest_route=\/wp\/v2\/types\/post"}],"author":[{"embeddable":true,"href":"https:\/\/encuentroinformativo.com.mx\/index.php?rest_route=\/wp\/v2\/users\/2476"}],"replies":[{"embeddable":true,"href":"https:\/\/encuentroinformativo.com.mx\/index.php?rest_route=%2Fwp%2Fv2%2Fcomments&post=59019"}],"version-history":[{"count":1,"href":"https:\/\/encuentroinformativo.com.mx\/index.php?rest_route=\/wp\/v2\/posts\/59019\/revisions"}],"predecessor-version":[{"id":59021,"href":"https:\/\/encuentroinformativo.com.mx\/index.php?rest_route=\/wp\/v2\/posts\/59019\/revisions\/59021"}],"wp:featuredmedia":[{"embeddable":true,"href":"https:\/\/encuentroinformativo.com.mx\/index.php?rest_route=\/wp\/v2\/media\/59020"}],"wp:attachment":[{"href":"https:\/\/encuentroinformativo.com.mx\/index.php?rest_route=%2Fwp%2Fv2%2Fmedia&parent=59019"}],"wp:term":[{"taxonomy":"category","embeddable":true,"href":"https:\/\/encuentroinformativo.com.mx\/index.php?rest_route=%2Fwp%2Fv2%2Fcategories&post=59019"},{"taxonomy":"post_tag","embeddable":true,"href":"https:\/\/encuentroinformativo.com.mx\/index.php?rest_route=%2Fwp%2Fv2%2Ftags&post=59019"}],"curies":[{"name":"wp","href":"https:\/\/api.w.org\/{rel}","templated":true}]}}