{"id":59022,"date":"2024-09-28T19:08:17","date_gmt":"2024-09-29T01:08:17","guid":{"rendered":"https:\/\/encuentroinformativo.com.mx\/?p=59022"},"modified":"2024-09-28T19:08:23","modified_gmt":"2024-09-29T01:08:23","slug":"iniciaran-afiliacion-a-morena-en-zona-rural-de-xalapa","status":"publish","type":"post","link":"https:\/\/encuentroinformativo.com.mx\/?p=59022","title":{"rendered":"Iniciar\u00e1n afiliaci\u00f3n a Morena en zona rural de Xalapa"},"content":{"rendered":"\n<p><strong>Dar\u00edo Pale<\/strong><\/p>\n\n\n\n<p>Xalapa, Ver.- Mart\u00edn Aburto Landa, coordinador distrital de la zona Xalapa Rural del Movimiento Amigos Veracruzanos (MAV), y simpatizantes del partido Movimiento de Regeneraci\u00f3n Nacional (Morena) recorrer\u00e1n las zonas rurales de Xalapa para afiliar a personas que viven en las congregaciones de la capital del estado.<\/p>\n\n\n\n<p>Luego de la toma de protesta este s\u00e1bado, de 14 integrantes de dicha agrupaci\u00f3n pol\u00edtica,\u00a0 dijo que recorrer\u00e1n casa por casa para fortalecer la estructura de militantes con miras a las elecciones municipales que se aproximan.<\/p>\n\n\n\n<p>\u201cLo que vamos a hacer es tocar casa por casa en las congregaciones, tanto de la Seis de Enero, El Tronconal, El Castillo y Las Trancas. Casa por casa vamos a ir tocando para ir afiliando a m\u00e1s\u201d, se\u00f1al\u00f3.<\/p>\n\n\n\n<p>Adem\u00e1s ofrecer\u00e1n jornadas de salud para dar a bajo costo aparatos auditivos, lentes, an\u00e1lisis cl\u00ednicos, consultas m\u00e9dicas e insumos como tinacos y cisternas, con el apoyo de empresarios locales.\u00a0<\/p>\n\n\n\n<p>Estas acciones iniciar\u00e1n en San Antonio Paso del Toro, localidad perteneciente a Xalapa y posteriormente se acercar\u00e1n a trav\u00e9s de las colonias Seis de Enero y recorrer\u00e1n las congregaciones de Chiltoyac, Tronconal, El Castillo, Las Trancas.\u00a0<\/p>\n\n\n\n<p>Finalmente precis\u00f3 que en Xalapa el MAV cuenta con m\u00e1s de 20 mil afiliados en la ciudad, cifra que piensan aumentar en pr\u00f3ximos meses.<\/p>\n","protected":false},"excerpt":{"rendered":"<p>Dar\u00edo Pale Xalapa, Ver.- Mart\u00edn Aburto Landa, coordinador distrital de la zona Xalapa Rural del Movimiento Amigos Veracruzanos (MAV), y simpatizantes del partido Movimiento de Regeneraci\u00f3n Nacional (Morena) recorrer\u00e1n las zonas rurales de Xalapa para afiliar a personas que viven en las congregaciones de la capital del estado. Luego de la toma de protesta este [&hellip;]<\/p>\n","protected":false},"author":2476,"featured_media":59023,"comment_status":"open","ping_status":"open","sticky":false,"template":"","format":"standard","meta":{"_jetpack_memberships_contains_paid_content":false,"footnotes":""},"categories":[3],"tags":[],"class_list":["post-59022","post","type-post","status-publish","format-standard","has-post-thumbnail","hentry","category-xalapa"],"jetpack_featured_media_url":"https:\/\/encuentroinformativo.com.mx\/wp-content\/uploads\/2024\/09\/IMG-20240928-WA0050.jpg","jetpack_sharing_enabled":true,"jetpack_likes_enabled":true,"amp_enabled":true,"_links":{"self":[{"href":"https:\/\/encuentroinformativo.com.mx\/index.php?rest_route=\/wp\/v2\/posts\/59022","targetHints":{"allow":["GET"]}}],"collection":[{"href":"https:\/\/encuentroinformativo.com.mx\/index.php?rest_route=\/wp\/v2\/posts"}],"about":[{"href":"https:\/\/encuentroinformativo.com.mx\/index.php?rest_route=\/wp\/v2\/types\/post"}],"author":[{"embeddable":true,"href":"https:\/\/encuentroinformativo.com.mx\/index.php?rest_route=\/wp\/v2\/users\/2476"}],"replies":[{"embeddable":true,"href":"https:\/\/encuentroinformativo.com.mx\/index.php?rest_route=%2Fwp%2Fv2%2Fcomments&post=59022"}],"version-history":[{"count":1,"href":"https:\/\/encuentroinformativo.com.mx\/index.php?rest_route=\/wp\/v2\/posts\/59022\/revisions"}],"predecessor-version":[{"id":59024,"href":"https:\/\/encuentroinformativo.com.mx\/index.php?rest_route=\/wp\/v2\/posts\/59022\/revisions\/59024"}],"wp:featuredmedia":[{"embeddable":true,"href":"https:\/\/encuentroinformativo.com.mx\/index.php?rest_route=\/wp\/v2\/media\/59023"}],"wp:attachment":[{"href":"https:\/\/encuentroinformativo.com.mx\/index.php?rest_route=%2Fwp%2Fv2%2Fmedia&parent=59022"}],"wp:term":[{"taxonomy":"category","embeddable":true,"href":"https:\/\/encuentroinformativo.com.mx\/index.php?rest_route=%2Fwp%2Fv2%2Fcategories&post=59022"},{"taxonomy":"post_tag","embeddable":true,"href":"https:\/\/encuentroinformativo.com.mx\/index.php?rest_route=%2Fwp%2Fv2%2Ftags&post=59022"}],"curies":[{"name":"wp","href":"https:\/\/api.w.org\/{rel}","templated":true}]}}