{"id":59027,"date":"2024-09-29T14:19:51","date_gmt":"2024-09-29T20:19:51","guid":{"rendered":"https:\/\/encuentroinformativo.com.mx\/?p=59027"},"modified":"2024-09-29T14:19:57","modified_gmt":"2024-09-29T20:19:57","slug":"diputado-federal-eleazar-guerrero-perez-educar-para-evitar-el-maltrato-animal","status":"publish","type":"post","link":"https:\/\/encuentroinformativo.com.mx\/?p=59027","title":{"rendered":"Diputado Federal Eleazar Guerrero P\u00e9rez: Educar para Evitar el Maltrato Animal"},"content":{"rendered":"\n<p><strong>*Inform\u00f3 sobre el trabajo legislativo en materia de justicia social, derechos laborales y protecci\u00f3n animal.<\/strong><\/p>\n\n\n\n<p>Xalapa, Ver. 29 de septiembre de 2024. El diputado federal Eleazar Guerrero P\u00e9rez, integrante del Movimiento de Regeneraci\u00f3n Nacional (Morena), fue abordado por medios de comunicaci\u00f3n en el marco del Croquet\u00f3n, al que se sum\u00f3 la expresi\u00f3n ciudadana UNIDOS TODOS, convocado por la extraordinaria locutora Pamela Hern\u00e1ndez.<\/p>\n\n\n\n<p>Este evento tuvo lugar en la explanada del Bodeg\u00f3n de Semillas, una empresa que se uni\u00f3 a esta noble causa. En ese lugar, conversamos con el diputado morenista, quien nos habl\u00f3 de las reformas legislativas en la C\u00e1mara Baja del Congreso que han enfocado sus esfuerzos para alcanzar una mayor justicia social para los mexicanos.<\/p>\n\n\n\n<p>Reformas Laborales y Salarios M\u00ednimos<br>El tambi\u00e9n dirigente de UNIDOS TODOS subray\u00f3 que una de las prioridades del Congreso es abordar el rezago en materia de salarios m\u00ednimos. En su intervenci\u00f3n, mencion\u00f3 que se han llevado a cabo reformas al art\u00edculo 123 de la Constituci\u00f3n, las cuales buscan garantizar que los salarios no queden por debajo del aumento de la inflaci\u00f3n. &#8220;Durante m\u00e1s de 30 a\u00f1os, los trabajadores han estado encadenados a pactos econ\u00f3micos que han perjudicado su poder adquisitivo&#8221;, afirm\u00f3 el diputado. Resalt\u00f3 que el apoyo un\u00e1nime de los legisladores a estas reformas es un paso significativo hacia la justicia laboral.<\/p>\n\n\n\n<p>Derechos de los Pueblos Ind\u00edgenas<br>El diputado tambi\u00e9n hizo hincapi\u00e9 en la importancia del reconocimiento pleno de los derechos de los pueblos ind\u00edgenas. Considera que estas reformas son esenciales para avanzar hacia una sociedad m\u00e1s justa e igualitaria. Guerrero record\u00f3 que Veracruz tiene una rica historia de lucha por los derechos laborales y sociales, lo cual refuerza su compromiso con estas causas.<\/p>\n\n\n\n<p>Protecci\u00f3n Animal como Prioridad<br>Uno de los temas m\u00e1s apasionantes para Guerrero es la protecci\u00f3n animal. Anunci\u00f3 que se est\u00e1 trabajando en una nueva ley que busca elevar a rango constitucional la protecci\u00f3n de los animales. Esta ley no solo contempla sanciones m\u00e1s severas para el maltrato animal, sino que tambi\u00e9n incluye cambios educativos en las escuelas para fomentar una cultura de respeto hacia todos los seres vivos. &#8220;Quien maltrata a un animal es un violentador en potencia&#8221;, advirti\u00f3 Guerrero, enfatizando la necesidad de educar a la sociedad sobre el cuidado y respeto hacia los animales.<\/p>\n\n\n\n<p>Finalmente, el diputado hizo un llamado a la ciudadan\u00eda para involucrarse en estas iniciativas y apoyar las reformas propuestas. &#8220;Es fundamental generar una cultura de protecci\u00f3n y respeto hacia nuestros animales&#8221;, concluy\u00f3 Guerrero, instando a todos a participar activamente en estos esfuerzos. La conversaci\u00f3n con Eleazar Guerrero P\u00e9rez refleja no solo su compromiso con las reformas necesarias para mejorar las condiciones laborales y sociales en M\u00e9xico, sino tambi\u00e9n su pasi\u00f3n por el bienestar animal y la creaci\u00f3n de una sociedad m\u00e1s justa y equitativa.<\/p>\n\n\n\n<p>AMLOFEST<br>UNIDOS TODOS presentar\u00e1 el pr\u00f3ximo domingo una serie de actividades para despedir al presidente Andr\u00e9s Manuel L\u00f3pez Obrador. As\u00ed lo dio a conocer este d\u00eda en un video grabado durante el evento del Croquet\u00f3n.<br>Dijo que esta c\u00e1lida despedida contempla una carrera de 5 km, un tendedero donde se colocar\u00e1 informaci\u00f3n sobre las acciones m\u00e1s sobresalientes del sexenio, un espacio para graffitear y dejar mensajes, proyecci\u00f3n de videos, una marcha Ne\u00f3n, participaci\u00f3n de raperos, interpretaci\u00f3n de la canci\u00f3n &#8220;Amigo&#8221;, donde se integrar\u00e1n todos los asistentes, y una verbena popular donde habr\u00e1 antojitos.<br>Todo lo anterior se llevar\u00e1 a cabo en el primer cuadro de la ciudad de Xalapa, dejando abierta la invitaci\u00f3n para quienes deseen ser parte de esta despedida al presidente m\u00e1s apreciado en los \u00faltimos 30 a\u00f1os.<\/p>\n\n\n\n<figure class=\"wp-block-image size-large\"><img loading=\"lazy\" decoding=\"async\" width=\"473\" height=\"1024\" src=\"https:\/\/encuentroinformativo.com.mx\/wp-content\/uploads\/2024\/09\/1000396531-473x1024.jpg\" alt=\"\" class=\"wp-image-59029\" srcset=\"https:\/\/encuentroinformativo.com.mx\/wp-content\/uploads\/2024\/09\/1000396531-473x1024.jpg 473w, https:\/\/encuentroinformativo.com.mx\/wp-content\/uploads\/2024\/09\/1000396531-139x300.jpg 139w, https:\/\/encuentroinformativo.com.mx\/wp-content\/uploads\/2024\/09\/1000396531-709x1536.jpg 709w, https:\/\/encuentroinformativo.com.mx\/wp-content\/uploads\/2024\/09\/1000396531.jpg 739w\" sizes=\"auto, (max-width: 473px) 100vw, 473px\" \/><figcaption>P<\/figcaption><\/figure>\n","protected":false},"excerpt":{"rendered":"<p>*Inform\u00f3 sobre el trabajo legislativo en materia de justicia social, derechos laborales y protecci\u00f3n animal. Xalapa, Ver. 29 de septiembre de 2024. El diputado federal Eleazar Guerrero P\u00e9rez, integrante del Movimiento de Regeneraci\u00f3n Nacional (Morena), fue abordado por medios de comunicaci\u00f3n en el marco del Croquet\u00f3n, al que se sum\u00f3 la expresi\u00f3n ciudadana UNIDOS TODOS, [&hellip;]<\/p>\n","protected":false},"author":2476,"featured_media":59028,"comment_status":"open","ping_status":"open","sticky":false,"template":"","format":"standard","meta":{"_jetpack_memberships_contains_paid_content":false,"footnotes":""},"categories":[3],"tags":[],"class_list":["post-59027","post","type-post","status-publish","format-standard","has-post-thumbnail","hentry","category-xalapa"],"jetpack_featured_media_url":"https:\/\/encuentroinformativo.com.mx\/wp-content\/uploads\/2024\/09\/IMG-20240929-WA00072.jpg","jetpack_sharing_enabled":true,"jetpack_likes_enabled":true,"amp_enabled":true,"_links":{"self":[{"href":"https:\/\/encuentroinformativo.com.mx\/index.php?rest_route=\/wp\/v2\/posts\/59027","targetHints":{"allow":["GET"]}}],"collection":[{"href":"https:\/\/encuentroinformativo.com.mx\/index.php?rest_route=\/wp\/v2\/posts"}],"about":[{"href":"https:\/\/encuentroinformativo.com.mx\/index.php?rest_route=\/wp\/v2\/types\/post"}],"author":[{"embeddable":true,"href":"https:\/\/encuentroinformativo.com.mx\/index.php?rest_route=\/wp\/v2\/users\/2476"}],"replies":[{"embeddable":true,"href":"https:\/\/encuentroinformativo.com.mx\/index.php?rest_route=%2Fwp%2Fv2%2Fcomments&post=59027"}],"version-history":[{"count":1,"href":"https:\/\/encuentroinformativo.com.mx\/index.php?rest_route=\/wp\/v2\/posts\/59027\/revisions"}],"predecessor-version":[{"id":59030,"href":"https:\/\/encuentroinformativo.com.mx\/index.php?rest_route=\/wp\/v2\/posts\/59027\/revisions\/59030"}],"wp:featuredmedia":[{"embeddable":true,"href":"https:\/\/encuentroinformativo.com.mx\/index.php?rest_route=\/wp\/v2\/media\/59028"}],"wp:attachment":[{"href":"https:\/\/encuentroinformativo.com.mx\/index.php?rest_route=%2Fwp%2Fv2%2Fmedia&parent=59027"}],"wp:term":[{"taxonomy":"category","embeddable":true,"href":"https:\/\/encuentroinformativo.com.mx\/index.php?rest_route=%2Fwp%2Fv2%2Fcategories&post=59027"},{"taxonomy":"post_tag","embeddable":true,"href":"https:\/\/encuentroinformativo.com.mx\/index.php?rest_route=%2Fwp%2Fv2%2Ftags&post=59027"}],"curies":[{"name":"wp","href":"https:\/\/api.w.org\/{rel}","templated":true}]}}