{"id":59050,"date":"2024-09-30T11:05:43","date_gmt":"2024-09-30T17:05:43","guid":{"rendered":"https:\/\/encuentroinformativo.com.mx\/?p=59050"},"modified":"2024-09-30T11:05:51","modified_gmt":"2024-09-30T17:05:51","slug":"candidaturas-para-alcaldias-en-el-2025-se-definiran-por-encuesta-nahle","status":"publish","type":"post","link":"https:\/\/encuentroinformativo.com.mx\/?p=59050","title":{"rendered":"Candidaturas para alcald\u00edas en el 2025 se definir\u00e1n por encuesta: Nahle"},"content":{"rendered":"\n<p><strong>Alejandro \u00c1vila<\/strong><\/p>\n\n\n\n<p>Alvarado, Veracruz.- La gobernadora electa de Veracruz, Roc\u00edo Nahle Garc\u00eda, reafirm\u00f3 su compromiso con la participaci\u00f3n ciudadana en los procesos electorales al anunciar que, las candidaturas a las alcald\u00edas para las elecciones de 2025 se definir\u00e1n mediante encuestas, en l\u00ednea con los principios de Morena y sus aliados.<\/p>\n\n\n\n<p>En su gira de agradecimiento por Alvarado, Nahle enfatiz\u00f3 que los asuntos electorales se resolver\u00e1n como siempre lo ha hecho su movimiento: &#8220;En las urnas&#8221;. Subray\u00f3 que el mecanismo de las encuestas ha demostrado ser eficaz para escuchar a la ciudadan\u00eda y medir el apoyo a los aspirantes dentro de los municipios.<\/p>\n\n\n\n<p>&#8220;Nuestro movimiento tan maravilloso se va a resolver como lo hace Morena con nuestros aliados: la encuesta, la medici\u00f3n&#8221;, asegur\u00f3 la mandataria electa.<\/p>\n\n\n\n<p>Durante su discurso, Nahle destac\u00f3 la presencia de Esteban Ram\u00edrez Zepeta, dirigente estatal de Morena, y de Marcelo Ruiz S\u00e1nchez, l\u00edder del Partido Verde en la entidad, resaltando la s\u00f3lida alianza que han mantenido ambos partidos. &#8220;Qu\u00e9 bueno que est\u00e1 aqu\u00ed Esteban Ram\u00edrez Zepeta y Marcelo Ru\u00edz S\u00e1nchez, que han sido nuestros aliados. As\u00ed es como vamos a resolver&#8221;, agreg\u00f3.<\/p>\n\n\n\n<p>La futura gobernadora tambi\u00e9n subray\u00f3 que el m\u00e9todo de las encuestas no solo es una herramienta democr\u00e1tica, sino una v\u00eda efectiva para sintonizarse con las demandas populares. &#8220;Funciona escuchar a la gente. Vamos a los municipios y ya hemos tenido la experiencia: si no escuchamos, el pueblo dice &#8216;yo quer\u00eda al compa\u00f1ero o a la compa\u00f1era tal\u201d, explic\u00f3 Nahle.<\/p>\n\n\n\n<p>En ese sentido, destac\u00f3 que su gobierno se mantendr\u00e1 imparcial y comprometido con la unidad, tejiendo consensos para fortalecer el proyecto de la Cuarta Transformaci\u00f3n. &#8220;Los adversarios ya sabemos d\u00f3nde est\u00e1n, aunque a veces se disfrazan, pero no les creemos&#8221;, sentenci\u00f3.<\/p>\n\n\n\n<p>Nahle Garc\u00eda apunta a seguir fortaleciendo las estructuras de Morena y sus aliados en el estado, de cara a los pr\u00f3ximos comicios, asegurando que los procesos internos se llevar\u00e1n a cabo con el respaldo de la ciudadan\u00eda y bajo los principios que han caracterizado al movimiento.<\/p>\n","protected":false},"excerpt":{"rendered":"<p>Alejandro \u00c1vila Alvarado, Veracruz.- La gobernadora electa de Veracruz, Roc\u00edo Nahle Garc\u00eda, reafirm\u00f3 su compromiso con la participaci\u00f3n ciudadana en los procesos electorales al anunciar que, las candidaturas a las alcald\u00edas para las elecciones de 2025 se definir\u00e1n mediante encuestas, en l\u00ednea con los principios de Morena y sus aliados. En su gira de agradecimiento [&hellip;]<\/p>\n","protected":false},"author":2476,"featured_media":59051,"comment_status":"open","ping_status":"open","sticky":false,"template":"","format":"standard","meta":{"_jetpack_memberships_contains_paid_content":false,"footnotes":""},"categories":[2],"tags":[],"class_list":["post-59050","post","type-post","status-publish","format-standard","has-post-thumbnail","hentry","category-estado"],"jetpack_featured_media_url":"https:\/\/encuentroinformativo.com.mx\/wp-content\/uploads\/2024\/09\/IMG-20240930-WA00062.jpg","jetpack_sharing_enabled":true,"jetpack_likes_enabled":true,"amp_enabled":true,"_links":{"self":[{"href":"https:\/\/encuentroinformativo.com.mx\/index.php?rest_route=\/wp\/v2\/posts\/59050","targetHints":{"allow":["GET"]}}],"collection":[{"href":"https:\/\/encuentroinformativo.com.mx\/index.php?rest_route=\/wp\/v2\/posts"}],"about":[{"href":"https:\/\/encuentroinformativo.com.mx\/index.php?rest_route=\/wp\/v2\/types\/post"}],"author":[{"embeddable":true,"href":"https:\/\/encuentroinformativo.com.mx\/index.php?rest_route=\/wp\/v2\/users\/2476"}],"replies":[{"embeddable":true,"href":"https:\/\/encuentroinformativo.com.mx\/index.php?rest_route=%2Fwp%2Fv2%2Fcomments&post=59050"}],"version-history":[{"count":1,"href":"https:\/\/encuentroinformativo.com.mx\/index.php?rest_route=\/wp\/v2\/posts\/59050\/revisions"}],"predecessor-version":[{"id":59052,"href":"https:\/\/encuentroinformativo.com.mx\/index.php?rest_route=\/wp\/v2\/posts\/59050\/revisions\/59052"}],"wp:featuredmedia":[{"embeddable":true,"href":"https:\/\/encuentroinformativo.com.mx\/index.php?rest_route=\/wp\/v2\/media\/59051"}],"wp:attachment":[{"href":"https:\/\/encuentroinformativo.com.mx\/index.php?rest_route=%2Fwp%2Fv2%2Fmedia&parent=59050"}],"wp:term":[{"taxonomy":"category","embeddable":true,"href":"https:\/\/encuentroinformativo.com.mx\/index.php?rest_route=%2Fwp%2Fv2%2Fcategories&post=59050"},{"taxonomy":"post_tag","embeddable":true,"href":"https:\/\/encuentroinformativo.com.mx\/index.php?rest_route=%2Fwp%2Fv2%2Ftags&post=59050"}],"curies":[{"name":"wp","href":"https:\/\/api.w.org\/{rel}","templated":true}]}}