{"id":5908,"date":"2020-09-17T08:32:55","date_gmt":"2020-09-17T13:32:55","guid":{"rendered":"https:\/\/encuentroinformativo.com.mx\/?p=5908"},"modified":"2020-09-17T08:32:58","modified_gmt":"2020-09-17T13:32:58","slug":"a-consulta-publica-recursos-a-afectados-por-pandemia-ahued-bardahuil","status":"publish","type":"post","link":"https:\/\/encuentroinformativo.com.mx\/?p=5908","title":{"rendered":"A consulta p\u00fablica recursos a afectados por pandemia: Ahued Bardahuil"},"content":{"rendered":"\n<p>Ciudad de M\u00e9xico.- Durante los trabajos en el senado de la Rep\u00fablica, en entrevista, se le consult\u00f3 al Senador Ahued Bardahuil, si \u00e9l y el Senador Santana Amado Guadiana Tijerina, firmaron un documento de consulta p\u00fablica, para otorgar recursos econ\u00f3micos a los desempleados o afectados por la pandemia y por qu\u00e9.<\/p>\n\n\n\n<p>S\u00ed respondi\u00f3 que en efecto, se trata de una propuesta de otros partidos en el senado y tajante contest\u00f3: \u201cD\u00edgame quien se puede oponer al intento de ayudar y otorgar recursos para que la gente desesperada o lastimada por esta crisis, pueda tener acceso a medicamentos y alimentos, algo que mitigue la situaci\u00f3n econ\u00f3mica\u201d.<\/p>\n\n\n\n<p>Adem\u00e1s se\u00f1al\u00f3, que es el deseo del Se\u00f1or Presidente Andr\u00e9s Manuel L\u00f3pez Obrador, ya que en las historia de nuestro pa\u00eds, nunca se hab\u00edan otorgado apoyos como hoy a m\u00e1s de treinta millones de personas, por eso de donde venga sostuvo \u201ctenemos que ser solidarios m\u00e1s all\u00e1 de diferencias ideol\u00f3gicas o de partido\u201d, recalc\u00f3 que \u201cson tiempos de ser humanos y fraternos entre los mexicanos\u201d, recalcando el Senador Ahued Bardahuil que piensa que ese tema si sea muy posible.<\/p>\n\n\n\n<p>Finalmente, dijo confiar en las autoridades competentes para el efecto: \u201cYa ser\u00e1 la Corte quien determine y al parecer se env\u00ede a la c\u00e1mara de diputados que es la que est\u00e1 facultada para discutir la asignaci\u00f3n del presupuesto federal\u201d.<\/p>\n","protected":false},"excerpt":{"rendered":"<p>Ciudad de M\u00e9xico.- Durante los trabajos en el senado de la Rep\u00fablica, en entrevista, se le consult\u00f3 al Senador Ahued Bardahuil, si \u00e9l y el Senador Santana Amado Guadiana Tijerina, firmaron un documento de consulta p\u00fablica, para otorgar recursos econ\u00f3micos a los desempleados o afectados por la pandemia y por qu\u00e9. S\u00ed respondi\u00f3 que en [&hellip;]<\/p>\n","protected":false},"author":1,"featured_media":5159,"comment_status":"open","ping_status":"open","sticky":false,"template":"","format":"aside","meta":{"_jetpack_memberships_contains_paid_content":false,"footnotes":""},"categories":[12],"tags":[],"class_list":["post-5908","post","type-post","status-publish","format-aside","has-post-thumbnail","hentry","category-nacional","post_format-post-format-aside"],"jetpack_featured_media_url":"https:\/\/encuentroinformativo.com.mx\/wp-content\/uploads\/2020\/08\/32350D14-CE81-4C7D-9F6B-DDC6D3928430.jpeg","jetpack_sharing_enabled":true,"jetpack_likes_enabled":true,"amp_enabled":true,"_links":{"self":[{"href":"https:\/\/encuentroinformativo.com.mx\/index.php?rest_route=\/wp\/v2\/posts\/5908","targetHints":{"allow":["GET"]}}],"collection":[{"href":"https:\/\/encuentroinformativo.com.mx\/index.php?rest_route=\/wp\/v2\/posts"}],"about":[{"href":"https:\/\/encuentroinformativo.com.mx\/index.php?rest_route=\/wp\/v2\/types\/post"}],"author":[{"embeddable":true,"href":"https:\/\/encuentroinformativo.com.mx\/index.php?rest_route=\/wp\/v2\/users\/1"}],"replies":[{"embeddable":true,"href":"https:\/\/encuentroinformativo.com.mx\/index.php?rest_route=%2Fwp%2Fv2%2Fcomments&post=5908"}],"version-history":[{"count":1,"href":"https:\/\/encuentroinformativo.com.mx\/index.php?rest_route=\/wp\/v2\/posts\/5908\/revisions"}],"predecessor-version":[{"id":5909,"href":"https:\/\/encuentroinformativo.com.mx\/index.php?rest_route=\/wp\/v2\/posts\/5908\/revisions\/5909"}],"wp:featuredmedia":[{"embeddable":true,"href":"https:\/\/encuentroinformativo.com.mx\/index.php?rest_route=\/wp\/v2\/media\/5159"}],"wp:attachment":[{"href":"https:\/\/encuentroinformativo.com.mx\/index.php?rest_route=%2Fwp%2Fv2%2Fmedia&parent=5908"}],"wp:term":[{"taxonomy":"category","embeddable":true,"href":"https:\/\/encuentroinformativo.com.mx\/index.php?rest_route=%2Fwp%2Fv2%2Fcategories&post=5908"},{"taxonomy":"post_tag","embeddable":true,"href":"https:\/\/encuentroinformativo.com.mx\/index.php?rest_route=%2Fwp%2Fv2%2Ftags&post=5908"}],"curies":[{"name":"wp","href":"https:\/\/api.w.org\/{rel}","templated":true}]}}