{"id":59080,"date":"2024-09-30T15:48:46","date_gmt":"2024-09-30T21:48:46","guid":{"rendered":"https:\/\/encuentroinformativo.com.mx\/?p=59080"},"modified":"2024-09-30T15:48:51","modified_gmt":"2024-09-30T21:48:51","slug":"promueven-jornada-de-reforestacion-en-xalapa","status":"publish","type":"post","link":"https:\/\/encuentroinformativo.com.mx\/?p=59080","title":{"rendered":"Promueven jornada de reforestaci\u00f3n en Xalapa"},"content":{"rendered":"\n<p><strong>Dar\u00edo Pale <\/strong><\/p>\n\n\n\n<p>Xalapa, Ver.- Varias organizaciones, adem\u00e1s de escuelas y las empresas asociadas a Canacintra llevar\u00e1n a cabo una gran campa\u00f1a de reforestaci\u00f3n en la ciudad de Xalapa, as\u00ed lo dio a conocer la diputada local Maribel Ram\u00edrez Topete.<\/p>\n\n\n\n<p>En rueda de prensa, indic\u00f3 que se trata de una iniciativa que proyecta una reforestaci\u00f3n en Xalapa, pero tambi\u00e9n en regiones como El Castillo, con la siembra de m\u00e1s de 200 \u00e1rboles.<\/p>\n\n\n\n<p>Dijo que a esta campa\u00f1a, se han sumado escuelas como la Telesecundaria Jos\u00e9 Vasconcelos, Patria turno matutino y el Jard\u00edn de Ni\u00f1os Josefina Ramos.<\/p>\n\n\n\n<p>\u201cEstamos reforestando la regi\u00f3n de Xalapa con m\u00e1s de 200 \u00e1rboles que estaremos donando, queremos con esto hacer una acci\u00f3n concreta, combatir el cambio clim\u00e1tico, mejorar la calidad de vida del aire de Xalapa y preservar la biodiversidad\u201d, se\u00f1al\u00f3.<\/p>\n\n\n\n<p>Agreg\u00f3 que se busca que esta campa\u00f1a sea permanente y en esta pr\u00f3xima reforestaci\u00f3n las especies que se plantar\u00e1n son especiales para la zona de la capital del estado, como magnolia y jacaranda.<\/p>\n\n\n\n<p>\u201cSon \u00e1rboles especiales para la zona de Xalapa, nos estamos coordinando con Sedema y de la mano con ellos recomendaron esta especie\u201d, coment\u00f3.<\/p>\n\n\n\n<p>Asimismo, precis\u00f3 que la reforestaci\u00f3n se har\u00e1 en parques, colonias y escuelas y se le dar\u00e1 seguimiento a cada \u00e1rbol que se plantel.<\/p>\n\n\n\n<p>Estuvieron presentes, el Vicepresidente Nacional de la regi\u00f3n del Golfo de Canacintra, Juan Manuel Garc\u00eda Gonz\u00e1lez, as\u00ed como Carlos Mares, entre otros personajes.<\/p>\n","protected":false},"excerpt":{"rendered":"<p>Dar\u00edo Pale Xalapa, Ver.- Varias organizaciones, adem\u00e1s de escuelas y las empresas asociadas a Canacintra llevar\u00e1n a cabo una gran campa\u00f1a de reforestaci\u00f3n en la ciudad de Xalapa, as\u00ed lo dio a conocer la diputada local Maribel Ram\u00edrez Topete. En rueda de prensa, indic\u00f3 que se trata de una iniciativa que proyecta una reforestaci\u00f3n en [&hellip;]<\/p>\n","protected":false},"author":2476,"featured_media":59081,"comment_status":"open","ping_status":"open","sticky":false,"template":"","format":"standard","meta":{"_jetpack_memberships_contains_paid_content":false,"footnotes":""},"categories":[3],"tags":[],"class_list":["post-59080","post","type-post","status-publish","format-standard","has-post-thumbnail","hentry","category-xalapa"],"jetpack_featured_media_url":"https:\/\/encuentroinformativo.com.mx\/wp-content\/uploads\/2024\/09\/IMG-20240930-WA0074.jpg","jetpack_sharing_enabled":true,"jetpack_likes_enabled":true,"amp_enabled":true,"_links":{"self":[{"href":"https:\/\/encuentroinformativo.com.mx\/index.php?rest_route=\/wp\/v2\/posts\/59080","targetHints":{"allow":["GET"]}}],"collection":[{"href":"https:\/\/encuentroinformativo.com.mx\/index.php?rest_route=\/wp\/v2\/posts"}],"about":[{"href":"https:\/\/encuentroinformativo.com.mx\/index.php?rest_route=\/wp\/v2\/types\/post"}],"author":[{"embeddable":true,"href":"https:\/\/encuentroinformativo.com.mx\/index.php?rest_route=\/wp\/v2\/users\/2476"}],"replies":[{"embeddable":true,"href":"https:\/\/encuentroinformativo.com.mx\/index.php?rest_route=%2Fwp%2Fv2%2Fcomments&post=59080"}],"version-history":[{"count":1,"href":"https:\/\/encuentroinformativo.com.mx\/index.php?rest_route=\/wp\/v2\/posts\/59080\/revisions"}],"predecessor-version":[{"id":59082,"href":"https:\/\/encuentroinformativo.com.mx\/index.php?rest_route=\/wp\/v2\/posts\/59080\/revisions\/59082"}],"wp:featuredmedia":[{"embeddable":true,"href":"https:\/\/encuentroinformativo.com.mx\/index.php?rest_route=\/wp\/v2\/media\/59081"}],"wp:attachment":[{"href":"https:\/\/encuentroinformativo.com.mx\/index.php?rest_route=%2Fwp%2Fv2%2Fmedia&parent=59080"}],"wp:term":[{"taxonomy":"category","embeddable":true,"href":"https:\/\/encuentroinformativo.com.mx\/index.php?rest_route=%2Fwp%2Fv2%2Fcategories&post=59080"},{"taxonomy":"post_tag","embeddable":true,"href":"https:\/\/encuentroinformativo.com.mx\/index.php?rest_route=%2Fwp%2Fv2%2Ftags&post=59080"}],"curies":[{"name":"wp","href":"https:\/\/api.w.org\/{rel}","templated":true}]}}