{"id":59107,"date":"2024-10-01T08:31:00","date_gmt":"2024-10-01T14:31:00","guid":{"rendered":"https:\/\/encuentroinformativo.com.mx\/?p=59107"},"modified":"2024-09-30T21:31:34","modified_gmt":"2024-10-01T03:31:34","slug":"el-triunfo-de-la-espiga-exposicion-que-honra-memoria-de-exiliados-espanoles-en-mexico","status":"publish","type":"post","link":"https:\/\/encuentroinformativo.com.mx\/?p=59107","title":{"rendered":"El triunfo de la espiga, exposici\u00f3n que honra memoria de exiliados espa\u00f1oles en M\u00e9xico"},"content":{"rendered":"\n<p><strong>Eirinet G\u00f3mez<\/strong><\/p>\n\n\n\n<p>Xalapa, Ver.- <em>El triunfo de la espiga. 85 a\u00f1os del exilio espa\u00f1ol, <\/em>una exposici\u00f3n que honra la memoria de los exiliados espa\u00f1oles en M\u00e9xico y celebra su valioso legado cultural, se inaugur\u00f3 esta semana, en la galer\u00eda Ram\u00f3n Alva de la Canal, en Xalapa, Veracruz.\u00a0<\/p>\n\n\n\n<p>La muestra integrada por 52 piezas, entre pintura, dibujo, grabados y litograf\u00edas, est\u00e1 organizada en cuatro n\u00facleos tem\u00e1ticos: \u00c9xodo y reclusi\u00f3n, La voz antigua de la tierra, Maletas abiertas. La vida en M\u00e9xico, y Trascendencia en la pl\u00e1stica mexicana.&nbsp;<\/p>\n\n\n\n<p>En entrevista Santiago P\u00e9rez Garci, coordinador de la galer\u00eda, dijo que <em>El triunfo de la espiga (&#8230;)<\/em> tom\u00f3 el nombre de una estrofa del poema <em>Yo te puedo poblar, soledad m\u00eda<\/em>, escrito por Pedro Garfias en su libro <em>Primavera en Eaton Hastings (1939)<\/em>.\u00a0 En estos versos, el autor andaluz simboliza la resiliencia y la creatividad que florecieron en la adversidad.<\/p>\n\n\n\n<p>\u201cLa exhibici\u00f3n tiene el prop\u00f3sito de traer a la memoria la marca que dej\u00f3 el destierro espa\u00f1ol en M\u00e9xico en el rubro del arte, resaltar la solidez de los artistas transterrados, y&nbsp; la importancia que tuvieron en el desarrollo del arte mexicano\u201d, dijo P\u00e9rez Garci.<\/p>\n\n\n\n<p>Luis Ruis Caso, destacado historiador del arte y curador de la muestra, dijo que esta colecci\u00f3n \u201ces de muy alta calidad, muy poco vista, y aunque habla del exilio espa\u00f1ol es obra hecha en M\u00e9xico, una veta poco explorada del arte nacional\u201d.&nbsp;<\/p>\n\n\n\n<p>Adem\u00e1s, consider\u00f3 que \u201ces muy especial presentarla en Veracruz, porque fue esta tierra en donde desembarcaron los creadores despu\u00e9s de vivir en campos de concentraci\u00f3n. Para muchos de ellos, el estado se convertir\u00e1 en un referente para su creaci\u00f3n art\u00edstica\u201d.<\/p>\n\n\n\n<p>La exhibici\u00f3n es posible gracias a una colaboraci\u00f3n entre la Universidad Veracruzana y el Museo Kaluz, que alberga la colecci\u00f3n de arte del destierro espa\u00f1ol m\u00e1s grande que hay en el mundo, con m\u00e1s de 800 obras.<\/p>\n\n\n\n<p>En el primer n\u00facleo <em>\u00c9xodo y reclusi\u00f3n<\/em>, donde se explora el doloroso tr\u00e1nsito hacia Francia y la vida en los campos de concentraci\u00f3n de cerca de 500,000 espa\u00f1oles, se encuentran piezas del pintor Antonio Rodr\u00edguez Luna, quien en<em> \u00c9xodo<\/em> (1961) una obra en \u00f3leo sobre tela reconstruye el desplazamiento de los ib\u00e9ricos hacia el pa\u00eds vecino. Tambi\u00e9n sobresale la t\u00e9cnica de Francisco Marco Chilet, quien hizo un registro paso a paso de c\u00f3mo era la vida en el campo de concentraci\u00f3n <em>Argel\u00e8s-sur-Mer<\/em>.<\/p>\n\n\n\n<p>\u201cUno se queda muy impresionado con Marco Chilet, quien con su pluma hizo un trabajo espectacular. Es un autor casi desconocido, se present\u00f3 una primera vez en Museo Kaluz, pero estaba la pandemia, as\u00ed que es casi una primicia presentarlo aqu\u00ed\u201d, dijo Ruis Caso<\/p>\n\n\n\n<p><em>La voz antigua de la tierra,<\/em> el segundo apartado, toma el nombre de un poema de Le\u00f3n Felipe, un poeta emblem\u00e1tico del destierro. En este apartado se refleja la a\u00f1oranza de los artistas por su patria perdida, a trav\u00e9s de la creatividad de Roberto Fern\u00e1ndez Balbuena, Jos\u00e9 Bardasano, Elvira Gasc\u00f3n, Crist\u00f3bal Ruiz y Francisco Camps Ribera.<\/p>\n\n\n\n<p>\u201cSe evoca la Espa\u00f1a anterior a la guerra civil con obras producidas en M\u00e9xico. Aqu\u00ed se hacen presentes las manolas, el canto, el&nbsp; flamenco, y estampas de la vida cotidiana en aquel pa\u00eds\u201d, agreg\u00f3 el historiador del arte.&nbsp;<\/p>\n\n\n\n<p>En <em>Maletas abiertas. La vida en M\u00e9xico, <\/em>las piezas reflejan c\u00f3mo la cultura mexicana influy\u00f3 en su obra, integrando elementos locales y reflejando la fusi\u00f3n con su herencia espa\u00f1ola. En esta secci\u00f3n se distinguen elementos ind\u00edgenas y paisajes naturales.<\/p>\n\n\n\n<p>Luego, en <em>Trascendencia en la pl\u00e1stica mexicana,<\/em> se distingue el desarrollo de estos creadores, desde la figuraci\u00f3n hasta la abstracci\u00f3n, y su consolidaci\u00f3n en la vanguardia art\u00edstica en M\u00e9xico, y a nivel internacional.&nbsp;<\/p>\n\n\n\n<p>Aqu\u00ed se nota el talento de Antonio Rodr\u00edguez Luna, que fue maestro de varios de los considerados <em>Generaci\u00f3n de la Ruptura<\/em>. Tambi\u00e9n sobresalen obras de Arturo Souto, maestro de Jos\u00e9 Luis Cuevas.<\/p>\n\n\n\n<p><em>El triunfo de la espiga. 85 a\u00f1os del exilio espa\u00f1ol, <\/em>que<em> <\/em>estar\u00e1 disponible al p\u00fablico hasta <em>e<\/em>l 10 noviembre de 2024, se inscribe en el marco conmemorativo del 80 aniversario de la Universidad Veracruzana (UV) y en el programa de actividades de la Feria Internacional del Libro Universitario 2024.<\/p>\n\n\n\n<p>Pero tambi\u00e9n en el 85 aniversario del arribo del buque Sina\u00ed al puerto de Veracruz, que transportaba a mil 599 espa\u00f1oles que huyeron de su pa\u00eds a causa de la guerra civil&nbsp; y de la represi\u00f3n emprendida por Francisco Franco.&nbsp;<\/p>\n\n\n\n<p>\u201cLa colecci\u00f3n invita es una experiencia est\u00e9tica intensa, muy atractiva, que invita a pensar que pasa en la geopol\u00edtica actual, que conexi\u00f3n tiene con esa guerra, ese exilio, y nos invita\u00a0 a tener cuidado en nuestro presente. Tambi\u00e9n nos invita a ver como despu\u00e9s de un episodio cruel, la vida continua\u201d.<\/p>\n\n\n\n<div class=\"wp-block-jetpack-slideshow aligncenter\" data-effect=\"slide\"><div class=\"wp-block-jetpack-slideshow_container swiper-container\"><ul class=\"wp-block-jetpack-slideshow_swiper-wrapper swiper-wrapper\"><li class=\"wp-block-jetpack-slideshow_slide swiper-slide\"><figure><img loading=\"lazy\" decoding=\"async\" width=\"1024\" height=\"692\" alt=\"\" class=\"wp-block-jetpack-slideshow_image wp-image-59101\" data-id=\"59101\" src=\"https:\/\/encuentroinformativo.com.mx\/wp-content\/uploads\/2024\/09\/1000396994-1024x692.jpg\" srcset=\"https:\/\/encuentroinformativo.com.mx\/wp-content\/uploads\/2024\/09\/1000396994-1024x692.jpg 1024w, https:\/\/encuentroinformativo.com.mx\/wp-content\/uploads\/2024\/09\/1000396994-300x203.jpg 300w, https:\/\/encuentroinformativo.com.mx\/wp-content\/uploads\/2024\/09\/1000396994-768x519.jpg 768w, https:\/\/encuentroinformativo.com.mx\/wp-content\/uploads\/2024\/09\/1000396994.jpg 1080w\" sizes=\"(max-width: 1024px) 100vw, 1024px\" \/><\/figure><\/li><li class=\"wp-block-jetpack-slideshow_slide swiper-slide\"><figure><img loading=\"lazy\" decoding=\"async\" width=\"1024\" height=\"665\" alt=\"\" class=\"wp-block-jetpack-slideshow_image wp-image-59100\" data-id=\"59100\" src=\"https:\/\/encuentroinformativo.com.mx\/wp-content\/uploads\/2024\/09\/1000396993-1024x665.jpg\" srcset=\"https:\/\/encuentroinformativo.com.mx\/wp-content\/uploads\/2024\/09\/1000396993-1024x665.jpg 1024w, https:\/\/encuentroinformativo.com.mx\/wp-content\/uploads\/2024\/09\/1000396993-300x195.jpg 300w, https:\/\/encuentroinformativo.com.mx\/wp-content\/uploads\/2024\/09\/1000396993-768x498.jpg 768w, https:\/\/encuentroinformativo.com.mx\/wp-content\/uploads\/2024\/09\/1000396993.jpg 1080w\" sizes=\"(max-width: 1024px) 100vw, 1024px\" \/><\/figure><\/li><li class=\"wp-block-jetpack-slideshow_slide swiper-slide\"><figure><img loading=\"lazy\" decoding=\"async\" width=\"1024\" height=\"637\" alt=\"\" class=\"wp-block-jetpack-slideshow_image wp-image-59099\" data-id=\"59099\" src=\"https:\/\/encuentroinformativo.com.mx\/wp-content\/uploads\/2024\/09\/1000396992-1024x637.jpg\" srcset=\"https:\/\/encuentroinformativo.com.mx\/wp-content\/uploads\/2024\/09\/1000396992-1024x637.jpg 1024w, https:\/\/encuentroinformativo.com.mx\/wp-content\/uploads\/2024\/09\/1000396992-300x187.jpg 300w, https:\/\/encuentroinformativo.com.mx\/wp-content\/uploads\/2024\/09\/1000396992-768x478.jpg 768w, https:\/\/encuentroinformativo.com.mx\/wp-content\/uploads\/2024\/09\/1000396992-464x290.jpg 464w, https:\/\/encuentroinformativo.com.mx\/wp-content\/uploads\/2024\/09\/1000396992.jpg 1080w\" sizes=\"(max-width: 1024px) 100vw, 1024px\" \/><\/figure><\/li><\/ul><a class=\"wp-block-jetpack-slideshow_button-prev swiper-button-prev swiper-button-white\" role=\"button\"><\/a><a class=\"wp-block-jetpack-slideshow_button-next swiper-button-next swiper-button-white\" role=\"button\"><\/a><a aria-label=\"Pause Slideshow\" class=\"wp-block-jetpack-slideshow_button-pause\" role=\"button\"><\/a><div class=\"wp-block-jetpack-slideshow_pagination swiper-pagination swiper-pagination-white\"><\/div><\/div><\/div>\n\n\n\n<figure class=\"wp-block-gallery columns-0 is-cropped wp-block-gallery-1 is-layout-flex wp-block-gallery-is-layout-flex\"><ul class=\"blocks-gallery-grid\"><\/ul><\/figure>\n","protected":false},"excerpt":{"rendered":"<p>Eirinet G\u00f3mez Xalapa, Ver.- El triunfo de la espiga. 85 a\u00f1os del exilio espa\u00f1ol, una exposici\u00f3n que honra la memoria de los exiliados espa\u00f1oles en M\u00e9xico y celebra su valioso legado cultural, se inaugur\u00f3 esta semana, en la galer\u00eda Ram\u00f3n Alva de la Canal, en Xalapa, Veracruz.\u00a0 La muestra integrada por 52 piezas, entre pintura, [&hellip;]<\/p>\n","protected":false},"author":2476,"featured_media":59098,"comment_status":"open","ping_status":"open","sticky":false,"template":"","format":"standard","meta":{"_jetpack_memberships_contains_paid_content":false,"footnotes":""},"categories":[3],"tags":[],"class_list":["post-59107","post","type-post","status-publish","format-standard","has-post-thumbnail","hentry","category-xalapa"],"jetpack_featured_media_url":"https:\/\/encuentroinformativo.com.mx\/wp-content\/uploads\/2024\/09\/1000396990.jpg","jetpack_sharing_enabled":true,"jetpack_likes_enabled":true,"amp_enabled":true,"_links":{"self":[{"href":"https:\/\/encuentroinformativo.com.mx\/index.php?rest_route=\/wp\/v2\/posts\/59107","targetHints":{"allow":["GET"]}}],"collection":[{"href":"https:\/\/encuentroinformativo.com.mx\/index.php?rest_route=\/wp\/v2\/posts"}],"about":[{"href":"https:\/\/encuentroinformativo.com.mx\/index.php?rest_route=\/wp\/v2\/types\/post"}],"author":[{"embeddable":true,"href":"https:\/\/encuentroinformativo.com.mx\/index.php?rest_route=\/wp\/v2\/users\/2476"}],"replies":[{"embeddable":true,"href":"https:\/\/encuentroinformativo.com.mx\/index.php?rest_route=%2Fwp%2Fv2%2Fcomments&post=59107"}],"version-history":[{"count":2,"href":"https:\/\/encuentroinformativo.com.mx\/index.php?rest_route=\/wp\/v2\/posts\/59107\/revisions"}],"predecessor-version":[{"id":59109,"href":"https:\/\/encuentroinformativo.com.mx\/index.php?rest_route=\/wp\/v2\/posts\/59107\/revisions\/59109"}],"wp:featuredmedia":[{"embeddable":true,"href":"https:\/\/encuentroinformativo.com.mx\/index.php?rest_route=\/wp\/v2\/media\/59098"}],"wp:attachment":[{"href":"https:\/\/encuentroinformativo.com.mx\/index.php?rest_route=%2Fwp%2Fv2%2Fmedia&parent=59107"}],"wp:term":[{"taxonomy":"category","embeddable":true,"href":"https:\/\/encuentroinformativo.com.mx\/index.php?rest_route=%2Fwp%2Fv2%2Fcategories&post=59107"},{"taxonomy":"post_tag","embeddable":true,"href":"https:\/\/encuentroinformativo.com.mx\/index.php?rest_route=%2Fwp%2Fv2%2Ftags&post=59107"}],"curies":[{"name":"wp","href":"https:\/\/api.w.org\/{rel}","templated":true}]}}