{"id":59118,"date":"2024-10-01T12:10:28","date_gmt":"2024-10-01T18:10:28","guid":{"rendered":"https:\/\/encuentroinformativo.com.mx\/?p=59118"},"modified":"2024-10-01T12:10:34","modified_gmt":"2024-10-01T18:10:34","slug":"con-apoyo-a-pymes-se-augura-mejora-economica-con-claudia-sheinbaum","status":"publish","type":"post","link":"https:\/\/encuentroinformativo.com.mx\/?p=59118","title":{"rendered":"Con apoyo a Pymes se augura mejora econ\u00f3mica con Claudia Sheinbaum"},"content":{"rendered":"\n<p><strong>Alejandro \u00c1vila<\/strong><\/p>\n\n\n\n<p>Veracruz, Ver.- El sector empresarial ve con optimismo la llegada de Claudia Sheinbaum Pardo a la Presidencia de la Rep\u00fablica; Jos\u00e9 Manuel Urreta Ortega, presidente de la Asociaci\u00f3n Nacional de Consejos Empresariales Regionales (Ancer), destac\u00f3 la necesidad de mayor apoyo a las peque\u00f1as y medianas empresas (Pymes) para impulsar el crecimiento econ\u00f3mico del pa\u00eds.<\/p>\n\n\n\n<p>Record\u00f3 que las Pymes son el motor de la econom\u00eda mexicana y requieren de pol\u00edticas p\u00fablicas que les permitan acceder a financiamiento, capacitaci\u00f3n y tecnolog\u00eda para aumentar su competitividad en el mercado global.<\/p>\n\n\n\n<p>Tambi\u00e9n enfatiz\u00f3 la importancia de fortalecer la seguridad y la infraestructura para atraer inversi\u00f3n extranjera y nacional.<\/p>\n\n\n\n<p>\u201cEstamos esperanzados en que se tomen decisiones que beneficien a las pymes y al sector empresarial en general. El sector empresarial espera que la administraci\u00f3n de Claudia Sheinbaum implemente pol\u00edticas que impulsen el crecimiento de las pymes y fortalezcan la econom\u00eda mexicana\u201d.<\/p>\n\n\n\n<p>Dijo que con el apoyo adecuado, las Pymes pueden convertirse en el motor del desarrollo econ\u00f3mico y social del pa\u00eds.<\/p>\n\n\n\n<p>Adem\u00e1s, Urreta resalt\u00f3 la importancia de invertir en educaci\u00f3n y capacitaci\u00f3n para mejorar la calidad de la mano de obra en M\u00e9xico.<\/p>\n\n\n\n<p>&#8220;Necesitamos formar profesionales con habilidades relevantes para el mercado laboral actual y futuro sobre todo en carreras afines a los nuevos proyectos que se est\u00e1n desarrollando, como en el sur- sureste&#8221;, se\u00f1al\u00f3.<\/p>\n\n\n\n<p>En cuanto a la pol\u00edtica econ\u00f3mica Urreta expres\u00f3 su confianza en que la nueva administraci\u00f3n implementar\u00e1 medidas para fomentar la competitividad y el crecimiento econ\u00f3mico.<\/p>\n\n\n\n<p>Tambi\u00e9n que se aborden los retos relacionados con la infraestructura y la log\u00edstica, como la modernizaci\u00f3n de los puertos y la mejora de la conectividad transporte.<\/p>\n\n\n\n<p>\u201cEs fundamental invertir en infraestructura para aumentar la eficiencia y reducir costos para las empresas&#8221;, afirm\u00f3 Urreta.<\/p>\n","protected":false},"excerpt":{"rendered":"<p>Alejandro \u00c1vila Veracruz, Ver.- El sector empresarial ve con optimismo la llegada de Claudia Sheinbaum Pardo a la Presidencia de la Rep\u00fablica; Jos\u00e9 Manuel Urreta Ortega, presidente de la Asociaci\u00f3n Nacional de Consejos Empresariales Regionales (Ancer), destac\u00f3 la necesidad de mayor apoyo a las peque\u00f1as y medianas empresas (Pymes) para impulsar el crecimiento econ\u00f3mico del [&hellip;]<\/p>\n","protected":false},"author":2476,"featured_media":59119,"comment_status":"open","ping_status":"open","sticky":false,"template":"","format":"standard","meta":{"_jetpack_memberships_contains_paid_content":false,"footnotes":""},"categories":[2],"tags":[],"class_list":["post-59118","post","type-post","status-publish","format-standard","has-post-thumbnail","hentry","category-estado"],"jetpack_featured_media_url":"https:\/\/encuentroinformativo.com.mx\/wp-content\/uploads\/2024\/10\/IMG-20241001-WA0053.jpg","jetpack_sharing_enabled":true,"jetpack_likes_enabled":true,"amp_enabled":true,"_links":{"self":[{"href":"https:\/\/encuentroinformativo.com.mx\/index.php?rest_route=\/wp\/v2\/posts\/59118","targetHints":{"allow":["GET"]}}],"collection":[{"href":"https:\/\/encuentroinformativo.com.mx\/index.php?rest_route=\/wp\/v2\/posts"}],"about":[{"href":"https:\/\/encuentroinformativo.com.mx\/index.php?rest_route=\/wp\/v2\/types\/post"}],"author":[{"embeddable":true,"href":"https:\/\/encuentroinformativo.com.mx\/index.php?rest_route=\/wp\/v2\/users\/2476"}],"replies":[{"embeddable":true,"href":"https:\/\/encuentroinformativo.com.mx\/index.php?rest_route=%2Fwp%2Fv2%2Fcomments&post=59118"}],"version-history":[{"count":1,"href":"https:\/\/encuentroinformativo.com.mx\/index.php?rest_route=\/wp\/v2\/posts\/59118\/revisions"}],"predecessor-version":[{"id":59120,"href":"https:\/\/encuentroinformativo.com.mx\/index.php?rest_route=\/wp\/v2\/posts\/59118\/revisions\/59120"}],"wp:featuredmedia":[{"embeddable":true,"href":"https:\/\/encuentroinformativo.com.mx\/index.php?rest_route=\/wp\/v2\/media\/59119"}],"wp:attachment":[{"href":"https:\/\/encuentroinformativo.com.mx\/index.php?rest_route=%2Fwp%2Fv2%2Fmedia&parent=59118"}],"wp:term":[{"taxonomy":"category","embeddable":true,"href":"https:\/\/encuentroinformativo.com.mx\/index.php?rest_route=%2Fwp%2Fv2%2Fcategories&post=59118"},{"taxonomy":"post_tag","embeddable":true,"href":"https:\/\/encuentroinformativo.com.mx\/index.php?rest_route=%2Fwp%2Fv2%2Ftags&post=59118"}],"curies":[{"name":"wp","href":"https:\/\/api.w.org\/{rel}","templated":true}]}}