{"id":59124,"date":"2024-10-01T12:17:09","date_gmt":"2024-10-01T18:17:09","guid":{"rendered":"https:\/\/encuentroinformativo.com.mx\/?p=59124"},"modified":"2024-10-01T12:17:16","modified_gmt":"2024-10-01T18:17:16","slug":"por-segunda-ocasion-se-incendio-negocio-de-papas-en-el-centro","status":"publish","type":"post","link":"https:\/\/encuentroinformativo.com.mx\/?p=59124","title":{"rendered":"Por segunda ocasi\u00f3n, se incendi\u00f3 negocio de papas en el centro"},"content":{"rendered":"\n<p><strong>Dar\u00edo Pale <\/strong><\/p>\n\n\n\n<p>Xalapa, Ver.- Ahora le toc\u00f3 a un negocio de papas el que result\u00f3 afectado por un incendio en la zona centro de la capital del estado, esta es la segunda ocasi\u00f3n que sufre un percance de este tipo.<\/p>\n\n\n\n<p>La madrugada de este martes se registr\u00f3 un incendio al interior de un local de venta de papas el cual se encuentra en la calle de Zaragoza atr\u00e1s de palacio de gobierno, lo cual alert\u00f3 a los cuerpos de auxilio.<\/p>\n\n\n\n<p>Por lo que al lugar del incendio llegaron elementos del cuerpo de bomberos, Seguridad P\u00fablica del Estado as\u00ed como personal de Protecci\u00f3n Civil municipal quienes despues de realizar algunas maniobras lograron contener el siniestro.<\/p>\n\n\n\n<p>Cabe se\u00f1alar que esta es la segunda ocasi\u00f3n en que este negocio sufre p\u00e9rdidas materiales por la misma situaci\u00f3n donde afortunadamente no resultaron personas lesionadas por lo que la Direcci\u00f3n de Protecci\u00f3n Civil tom\u00f3 conocimiento de este hecho.<\/p>\n\n\n\n<p>Hasta el momento se desconoce el motivo por el cu\u00e1l se registr\u00f3 este incendio al interior del negocio.<\/p>\n\n\n\n<figure class=\"wp-block-image size-large\"><img loading=\"lazy\" decoding=\"async\" width=\"576\" height=\"1024\" src=\"https:\/\/encuentroinformativo.com.mx\/wp-content\/uploads\/2024\/10\/1000397818-576x1024.jpg\" alt=\"\" class=\"wp-image-59126\" srcset=\"https:\/\/encuentroinformativo.com.mx\/wp-content\/uploads\/2024\/10\/1000397818-576x1024.jpg 576w, https:\/\/encuentroinformativo.com.mx\/wp-content\/uploads\/2024\/10\/1000397818-169x300.jpg 169w, https:\/\/encuentroinformativo.com.mx\/wp-content\/uploads\/2024\/10\/1000397818.jpg 720w\" sizes=\"auto, (max-width: 576px) 100vw, 576px\" \/><\/figure>\n","protected":false},"excerpt":{"rendered":"<p>Dar\u00edo Pale Xalapa, Ver.- Ahora le toc\u00f3 a un negocio de papas el que result\u00f3 afectado por un incendio en la zona centro de la capital del estado, esta es la segunda ocasi\u00f3n que sufre un percance de este tipo. La madrugada de este martes se registr\u00f3 un incendio al interior de un local de [&hellip;]<\/p>\n","protected":false},"author":2476,"featured_media":59125,"comment_status":"open","ping_status":"open","sticky":false,"template":"","format":"standard","meta":{"_jetpack_memberships_contains_paid_content":false,"footnotes":""},"categories":[3],"tags":[],"class_list":["post-59124","post","type-post","status-publish","format-standard","has-post-thumbnail","hentry","category-xalapa"],"jetpack_featured_media_url":"https:\/\/encuentroinformativo.com.mx\/wp-content\/uploads\/2024\/10\/IMG-20241001-WA0015.jpg","jetpack_sharing_enabled":true,"jetpack_likes_enabled":true,"amp_enabled":true,"_links":{"self":[{"href":"https:\/\/encuentroinformativo.com.mx\/index.php?rest_route=\/wp\/v2\/posts\/59124","targetHints":{"allow":["GET"]}}],"collection":[{"href":"https:\/\/encuentroinformativo.com.mx\/index.php?rest_route=\/wp\/v2\/posts"}],"about":[{"href":"https:\/\/encuentroinformativo.com.mx\/index.php?rest_route=\/wp\/v2\/types\/post"}],"author":[{"embeddable":true,"href":"https:\/\/encuentroinformativo.com.mx\/index.php?rest_route=\/wp\/v2\/users\/2476"}],"replies":[{"embeddable":true,"href":"https:\/\/encuentroinformativo.com.mx\/index.php?rest_route=%2Fwp%2Fv2%2Fcomments&post=59124"}],"version-history":[{"count":1,"href":"https:\/\/encuentroinformativo.com.mx\/index.php?rest_route=\/wp\/v2\/posts\/59124\/revisions"}],"predecessor-version":[{"id":59127,"href":"https:\/\/encuentroinformativo.com.mx\/index.php?rest_route=\/wp\/v2\/posts\/59124\/revisions\/59127"}],"wp:featuredmedia":[{"embeddable":true,"href":"https:\/\/encuentroinformativo.com.mx\/index.php?rest_route=\/wp\/v2\/media\/59125"}],"wp:attachment":[{"href":"https:\/\/encuentroinformativo.com.mx\/index.php?rest_route=%2Fwp%2Fv2%2Fmedia&parent=59124"}],"wp:term":[{"taxonomy":"category","embeddable":true,"href":"https:\/\/encuentroinformativo.com.mx\/index.php?rest_route=%2Fwp%2Fv2%2Fcategories&post=59124"},{"taxonomy":"post_tag","embeddable":true,"href":"https:\/\/encuentroinformativo.com.mx\/index.php?rest_route=%2Fwp%2Fv2%2Ftags&post=59124"}],"curies":[{"name":"wp","href":"https:\/\/api.w.org\/{rel}","templated":true}]}}