{"id":59131,"date":"2024-10-01T14:11:08","date_gmt":"2024-10-01T20:11:08","guid":{"rendered":"https:\/\/encuentroinformativo.com.mx\/?p=59131"},"modified":"2024-10-01T14:11:13","modified_gmt":"2024-10-01T20:11:13","slug":"ante-cambio-de-gobierno-marchan-trabajadores-del-poder-judicial","status":"publish","type":"post","link":"https:\/\/encuentroinformativo.com.mx\/?p=59131","title":{"rendered":"Ante cambio de gobierno, marchan trabajadores del Poder Judicial"},"content":{"rendered":"\n<p><strong>Dar\u00edo Pale <\/strong><\/p>\n\n\n\n<p>Xalapa, Ver.- Este 1 de octubre, ciudadanos y trabajadores del Poder Judicial Federal salieron a las calles, exigen una mesa de negociaci\u00f3n con el gobierno de Claudia Sheinbaum, con la idea de que las leyes reglamentarias no afecten a la clase trabajadora.<\/p>\n\n\n\n<p>Ciudadanos y trabajadores del Poder Judicial de la Federaci\u00f3n volvieron a marchar por las principales calles de Xalapa para reclamar que el gobierno, ahora encabezado por la presidenta Claudia Sheinbaum, respete la independencia de los poderes.<\/p>\n\n\n\n<p>En el marco de la toma de protesta de la primera presidenta del pa\u00eds, los manifestantes reclamaron la toma de decisiones autoritarias que eliminaron la independencia y el contrapeso del Poder Judicial.<\/p>\n\n\n\n<p>Durante la lectura de un pronunciamiento Carlos M\u00e1vil dijo: &#8220;Salimos el d\u00eda de hoy a las calles para elevar nuestra voz y que sea escuchada, una vez por todas por la presidenta de M\u00e9xico, para que vea que la sociedad en general est\u00e1 en contra de las decisiones tomadas por la administraci\u00f3n que dej\u00f3 el presidente L\u00f3pez Obrador&#8221;.<\/p>\n\n\n\n<p>El trabajador del Poder Judicial subray\u00f3 a su vez que con su protesta buscan hacer saber a Sheinbaum Pardo que hered\u00f3 un pa\u00eds lleno de injusticias, en el que se ha desarrollado el desmantelamiento de las instituciones.<\/p>\n\n\n\n<p>&#8220;Este gobierno de ignorancia, de mentiras, de robo, corrupci\u00f3n y traiciones, como ning\u00fan otro gobierno hemos tenido&#8221;, agreg\u00f3 Nilda Ria\u00f1o Dom\u00ednguez.<\/p>\n\n\n\n<p>Los trabajadores del Poder Judicial aseguraron que seguir\u00e1n buscando el di\u00e1logo que hasta el momento no les han brindado, adem\u00e1s de que defender\u00e1n los intereses de los ciudadanos que acuden a ellos ante las injusticias del gobierno.<\/p>\n\n\n\n<p>Comentaron que quieren que la nueva administraci\u00f3n conozca la inconformidad de los trabajadores del Poder Judicial, ante la reforma impuesta por diputados federales y senadores y se analice antes de que pueda cobrar vigencia, lo que implica la p\u00e9rdida de empleo para cientos de personas.<\/p>\n\n\n\n<p>\u201cEsa reforma viene a lesionar los intereses de los trabajadores del Poder Judicial, pero aparte viene a lesionar la vida de la Rep\u00fablica, los contrapesos y el equilibrio de poderes (.) le pedir\u00edamos al nuevo gobierno una mesa de negociaci\u00f3n con el Poder Judicial para ver hasta donde se pueden rescatar, con esta reforma, las prestaciones de los trabajadores\u201d, se\u00f1alaron.<\/p>\n\n\n\n<p>\u201cY segundo, ver hasta a d\u00f3nde se pueden consensuar las leyes reglamentarias, para que no dejen indefensos a los trabajadores del Poder Judicial, ser\u00eda muy saludable un espacio de di\u00e1logo, Poder Judicial, trabajadores y nuevo gobierno\u201d, agreg\u00f3.<\/p>\n\n\n\n<p>Explic\u00f3 que se van a perder sus derechos laborales y es necesario que se cuide a la clase trabajadora, \u201cest\u00e1n en proceso amparos para cancelar la promulgaci\u00f3n de la reforma, y a Andr\u00e9s Manuel, que ayer dej\u00f3 el poder, le vali\u00f3 y firm\u00f3 el decreto correspondiente\u201d.<\/p>\n\n\n\n<p>Finalmente se\u00f1alaron, \u201cy hay otro nuevo amparo que se acaba de otorgar, que impide que el INE implemente el ejercicio el a\u00f1o que entra, si el INE acata la suspensi\u00f3n del Poder Judicial, se entrar\u00eda en una ruta en donde no habr\u00eda elecci\u00f3n el a\u00f1o que entra en todo el pa\u00eds. Se prev\u00e9 que ser\u00e1 una elecci\u00f3n donde habr\u00e1 hasta tres mil boletas, el elector va a tardar hasta una hora en elegir\u201d.<\/p>\n\n\n\n<figure class=\"wp-block-image size-large\"><img loading=\"lazy\" decoding=\"async\" width=\"1024\" height=\"521\" src=\"https:\/\/encuentroinformativo.com.mx\/wp-content\/uploads\/2024\/10\/1000397961-1024x521.jpg\" alt=\"\" class=\"wp-image-59133\" srcset=\"https:\/\/encuentroinformativo.com.mx\/wp-content\/uploads\/2024\/10\/1000397961-1024x521.jpg 1024w, https:\/\/encuentroinformativo.com.mx\/wp-content\/uploads\/2024\/10\/1000397961-300x153.jpg 300w, https:\/\/encuentroinformativo.com.mx\/wp-content\/uploads\/2024\/10\/1000397961-768x391.jpg 768w, https:\/\/encuentroinformativo.com.mx\/wp-content\/uploads\/2024\/10\/1000397961.jpg 1156w\" sizes=\"auto, (max-width: 1024px) 100vw, 1024px\" \/><\/figure>\n","protected":false},"excerpt":{"rendered":"<p>Dar\u00edo Pale Xalapa, Ver.- Este 1 de octubre, ciudadanos y trabajadores del Poder Judicial Federal salieron a las calles, exigen una mesa de negociaci\u00f3n con el gobierno de Claudia Sheinbaum, con la idea de que las leyes reglamentarias no afecten a la clase trabajadora. Ciudadanos y trabajadores del Poder Judicial de la Federaci\u00f3n volvieron a [&hellip;]<\/p>\n","protected":false},"author":2476,"featured_media":59132,"comment_status":"open","ping_status":"open","sticky":false,"template":"","format":"standard","meta":{"_jetpack_memberships_contains_paid_content":false,"footnotes":""},"categories":[3],"tags":[],"class_list":["post-59131","post","type-post","status-publish","format-standard","has-post-thumbnail","hentry","category-xalapa"],"jetpack_featured_media_url":"https:\/\/encuentroinformativo.com.mx\/wp-content\/uploads\/2024\/10\/IMG-20241001-WA00912.jpg","jetpack_sharing_enabled":true,"jetpack_likes_enabled":true,"amp_enabled":true,"_links":{"self":[{"href":"https:\/\/encuentroinformativo.com.mx\/index.php?rest_route=\/wp\/v2\/posts\/59131","targetHints":{"allow":["GET"]}}],"collection":[{"href":"https:\/\/encuentroinformativo.com.mx\/index.php?rest_route=\/wp\/v2\/posts"}],"about":[{"href":"https:\/\/encuentroinformativo.com.mx\/index.php?rest_route=\/wp\/v2\/types\/post"}],"author":[{"embeddable":true,"href":"https:\/\/encuentroinformativo.com.mx\/index.php?rest_route=\/wp\/v2\/users\/2476"}],"replies":[{"embeddable":true,"href":"https:\/\/encuentroinformativo.com.mx\/index.php?rest_route=%2Fwp%2Fv2%2Fcomments&post=59131"}],"version-history":[{"count":1,"href":"https:\/\/encuentroinformativo.com.mx\/index.php?rest_route=\/wp\/v2\/posts\/59131\/revisions"}],"predecessor-version":[{"id":59134,"href":"https:\/\/encuentroinformativo.com.mx\/index.php?rest_route=\/wp\/v2\/posts\/59131\/revisions\/59134"}],"wp:featuredmedia":[{"embeddable":true,"href":"https:\/\/encuentroinformativo.com.mx\/index.php?rest_route=\/wp\/v2\/media\/59132"}],"wp:attachment":[{"href":"https:\/\/encuentroinformativo.com.mx\/index.php?rest_route=%2Fwp%2Fv2%2Fmedia&parent=59131"}],"wp:term":[{"taxonomy":"category","embeddable":true,"href":"https:\/\/encuentroinformativo.com.mx\/index.php?rest_route=%2Fwp%2Fv2%2Fcategories&post=59131"},{"taxonomy":"post_tag","embeddable":true,"href":"https:\/\/encuentroinformativo.com.mx\/index.php?rest_route=%2Fwp%2Fv2%2Ftags&post=59131"}],"curies":[{"name":"wp","href":"https:\/\/api.w.org\/{rel}","templated":true}]}}