{"id":59135,"date":"2024-10-01T15:26:21","date_gmt":"2024-10-01T21:26:21","guid":{"rendered":"https:\/\/encuentroinformativo.com.mx\/?p=59135"},"modified":"2024-10-01T15:26:27","modified_gmt":"2024-10-01T21:26:27","slug":"en-colonia-de-boca-del-rio-localizan-a-colombianas-privadas-de-su-libertad-en-veracruz","status":"publish","type":"post","link":"https:\/\/encuentroinformativo.com.mx\/?p=59135","title":{"rendered":"En colonia de Boca del R\u00edo localizan a colombianas privadas de su libertad en Veracruz"},"content":{"rendered":"\n<p><strong>Alejandro \u00c1vila<\/strong><\/p>\n\n\n\n<p>Boca del R\u00edo, Ver.- En la colonia Luis Echeverr\u00eda del municipio de Boca del R\u00edo, espec\u00edficamente en una vivienda entre las calles L\u00e1zaro C\u00e1rdenas y Sonora, elementos de la Polic\u00eda Ministerial divisi\u00f3n anti secuestros localizaron a las 6 mujeres colombianas desaparecidas en Veracruz.<\/p>\n\n\n\n<p>El operativo que inici\u00f3 a primera hora de este martes 1 de octubre, las fuerzas especiales realizaron rondines por la colonia Mar\u00eda C. de Rojas y Lorenzo Barcelata del municipio de Veracruz, fraccionamiento Las Vegas y colonia Luis Echeverr\u00eda, del municipio de Boca del R\u00edo; sitio donde finalmente encontraron a las mujeres privadas de su libertad.<\/p>\n\n\n\n<p>Seg\u00fan lo informado por la propia familia de las colombianas estas llegaron a M\u00e9xico a principios del mes de septiembre y se comunicaban constantemente con ellos, el \u00faltimo reporte que tuvieron fue el 24 de septiembre, cuando le dijeron que ser\u00edan enviadas a una fiesta en el municipio de Boca del R\u00edo.<\/p>\n\n\n\n<p>Las seis colombianas que presuntamente habr\u00edan llegado a M\u00e9xico para trabajar como modelos, podr\u00edan estar inmiscuidas en una red de trata de personas.<\/p>\n","protected":false},"excerpt":{"rendered":"<p>Alejandro \u00c1vila Boca del R\u00edo, Ver.- En la colonia Luis Echeverr\u00eda del municipio de Boca del R\u00edo, espec\u00edficamente en una vivienda entre las calles L\u00e1zaro C\u00e1rdenas y Sonora, elementos de la Polic\u00eda Ministerial divisi\u00f3n anti secuestros localizaron a las 6 mujeres colombianas desaparecidas en Veracruz. El operativo que inici\u00f3 a primera hora de este martes [&hellip;]<\/p>\n","protected":false},"author":2476,"featured_media":59136,"comment_status":"open","ping_status":"open","sticky":false,"template":"","format":"standard","meta":{"_jetpack_memberships_contains_paid_content":false,"footnotes":""},"categories":[2],"tags":[],"class_list":["post-59135","post","type-post","status-publish","format-standard","has-post-thumbnail","hentry","category-estado"],"jetpack_featured_media_url":"https:\/\/encuentroinformativo.com.mx\/wp-content\/uploads\/2024\/10\/IMG-20241001-WA0098.jpg","jetpack_sharing_enabled":true,"jetpack_likes_enabled":true,"amp_enabled":true,"_links":{"self":[{"href":"https:\/\/encuentroinformativo.com.mx\/index.php?rest_route=\/wp\/v2\/posts\/59135","targetHints":{"allow":["GET"]}}],"collection":[{"href":"https:\/\/encuentroinformativo.com.mx\/index.php?rest_route=\/wp\/v2\/posts"}],"about":[{"href":"https:\/\/encuentroinformativo.com.mx\/index.php?rest_route=\/wp\/v2\/types\/post"}],"author":[{"embeddable":true,"href":"https:\/\/encuentroinformativo.com.mx\/index.php?rest_route=\/wp\/v2\/users\/2476"}],"replies":[{"embeddable":true,"href":"https:\/\/encuentroinformativo.com.mx\/index.php?rest_route=%2Fwp%2Fv2%2Fcomments&post=59135"}],"version-history":[{"count":1,"href":"https:\/\/encuentroinformativo.com.mx\/index.php?rest_route=\/wp\/v2\/posts\/59135\/revisions"}],"predecessor-version":[{"id":59137,"href":"https:\/\/encuentroinformativo.com.mx\/index.php?rest_route=\/wp\/v2\/posts\/59135\/revisions\/59137"}],"wp:featuredmedia":[{"embeddable":true,"href":"https:\/\/encuentroinformativo.com.mx\/index.php?rest_route=\/wp\/v2\/media\/59136"}],"wp:attachment":[{"href":"https:\/\/encuentroinformativo.com.mx\/index.php?rest_route=%2Fwp%2Fv2%2Fmedia&parent=59135"}],"wp:term":[{"taxonomy":"category","embeddable":true,"href":"https:\/\/encuentroinformativo.com.mx\/index.php?rest_route=%2Fwp%2Fv2%2Fcategories&post=59135"},{"taxonomy":"post_tag","embeddable":true,"href":"https:\/\/encuentroinformativo.com.mx\/index.php?rest_route=%2Fwp%2Fv2%2Ftags&post=59135"}],"curies":[{"name":"wp","href":"https:\/\/api.w.org\/{rel}","templated":true}]}}