{"id":5915,"date":"2020-09-17T13:03:53","date_gmt":"2020-09-17T18:03:53","guid":{"rendered":"https:\/\/encuentroinformativo.com.mx\/?p=5915"},"modified":"2020-09-17T20:24:26","modified_gmt":"2020-09-18T01:24:26","slug":"inseguridad-foco-rojo-en-la-zona-sur-reconoce-diputada","status":"publish","type":"post","link":"https:\/\/encuentroinformativo.com.mx\/?p=5915","title":{"rendered":"Inseguridad \u201cfoco rojo\u201d en la zona sur, reconoce diputada"},"content":{"rendered":"\n<p><strong>Dar\u00edo Pale <\/strong><\/p>\n\n\n\n<p>Xalapa, Ver.- La diputada federal de Morena por el distrito de Minatitl\u00e1n Rosalba Valencia Cruz dio a conocer que la inseguridad en la zona sur de la entidad veracruzana ha tenido un repunte en los meses recientes debido a la contingencia sanitaria del Covid-19, por lo que lo considera un foco rojo.<\/p>\n\n\n\n<p>En entrevista reconoci\u00f3 que este ha sido uno de los grandes problemas que se han tenido en aquella regi\u00f3n por lo cu\u00e1l se han tenido que sumar esfuerzos entre las autoridades y la ciudadan\u00eda para intentar salir adelante de esta situaci\u00f3n tan compleja.<\/p>\n\n\n\n<p>&#8220;El sur del estado desafortunadamente ha sido foco rojo en cuanto a la delincuencia, tuvimos unos meses de tranquilidad pero desafortunadamente esto ha vuelto a resurgir con el tema de la pandemia, se est\u00e1 trabajando con el gobernador y los alcaldes del sur y la Guardia Nacional muy de cerca porque estamos en el combate a la delincuencia todos los niveles de gobierno, sabemos que esto es algo muy dif\u00edcil pero que poco a poco vamos a lograr disminuir&#8221;, se\u00f1al\u00f3.<\/p>\n\n\n\n<p>Valencia Cruz resalt\u00f3 el respaldo que han recibido por parte del gobierno federal a trav\u00e9s de la Guardia Nacional, lo cual dijo ha permitido tener avances importantes, sin embargo reiter\u00f3 que se requiere mucho mayor trabajo para alcanzar los resultados deseados.<\/p>\n\n\n\n<p>Finalmente, sobre la posible cancelaci\u00f3n del Programa de Fortalecimiento para la Seguridad (Fortaseg), dijo que esto no afectar\u00eda pues se buscar\u00edan otros mecanismos para dotar de recursos a los municipios para atender sus labores de seguridad.<\/p>\n","protected":false},"excerpt":{"rendered":"<p>Dar\u00edo Pale Xalapa, Ver.- La diputada federal de Morena por el distrito de Minatitl\u00e1n Rosalba Valencia Cruz dio a conocer que la inseguridad en la zona sur de la entidad veracruzana ha tenido un repunte en los meses recientes debido a la contingencia sanitaria del Covid-19, por lo que lo considera un foco rojo. En [&hellip;]<\/p>\n","protected":false},"author":1,"featured_media":5942,"comment_status":"open","ping_status":"open","sticky":false,"template":"","format":"aside","meta":{"_jetpack_memberships_contains_paid_content":false,"footnotes":""},"categories":[2],"tags":[],"class_list":["post-5915","post","type-post","status-publish","format-aside","has-post-thumbnail","hentry","category-estado","post_format-post-format-aside"],"jetpack_featured_media_url":"https:\/\/encuentroinformativo.com.mx\/wp-content\/uploads\/2020\/09\/006E2A90-71CD-4368-B04D-B80D3870FB59.jpeg","jetpack_sharing_enabled":true,"jetpack_likes_enabled":true,"amp_enabled":true,"_links":{"self":[{"href":"https:\/\/encuentroinformativo.com.mx\/index.php?rest_route=\/wp\/v2\/posts\/5915","targetHints":{"allow":["GET"]}}],"collection":[{"href":"https:\/\/encuentroinformativo.com.mx\/index.php?rest_route=\/wp\/v2\/posts"}],"about":[{"href":"https:\/\/encuentroinformativo.com.mx\/index.php?rest_route=\/wp\/v2\/types\/post"}],"author":[{"embeddable":true,"href":"https:\/\/encuentroinformativo.com.mx\/index.php?rest_route=\/wp\/v2\/users\/1"}],"replies":[{"embeddable":true,"href":"https:\/\/encuentroinformativo.com.mx\/index.php?rest_route=%2Fwp%2Fv2%2Fcomments&post=5915"}],"version-history":[{"count":1,"href":"https:\/\/encuentroinformativo.com.mx\/index.php?rest_route=\/wp\/v2\/posts\/5915\/revisions"}],"predecessor-version":[{"id":5916,"href":"https:\/\/encuentroinformativo.com.mx\/index.php?rest_route=\/wp\/v2\/posts\/5915\/revisions\/5916"}],"wp:featuredmedia":[{"embeddable":true,"href":"https:\/\/encuentroinformativo.com.mx\/index.php?rest_route=\/wp\/v2\/media\/5942"}],"wp:attachment":[{"href":"https:\/\/encuentroinformativo.com.mx\/index.php?rest_route=%2Fwp%2Fv2%2Fmedia&parent=5915"}],"wp:term":[{"taxonomy":"category","embeddable":true,"href":"https:\/\/encuentroinformativo.com.mx\/index.php?rest_route=%2Fwp%2Fv2%2Fcategories&post=5915"},{"taxonomy":"post_tag","embeddable":true,"href":"https:\/\/encuentroinformativo.com.mx\/index.php?rest_route=%2Fwp%2Fv2%2Ftags&post=5915"}],"curies":[{"name":"wp","href":"https:\/\/api.w.org\/{rel}","templated":true}]}}