{"id":59159,"date":"2024-10-02T11:18:12","date_gmt":"2024-10-02T17:18:12","guid":{"rendered":"https:\/\/encuentroinformativo.com.mx\/?p=59159"},"modified":"2024-10-02T11:18:23","modified_gmt":"2024-10-02T17:18:23","slug":"con-claudia-sheinbaum-se-potencializara-veracruz-maritza-cantarell","status":"publish","type":"post","link":"https:\/\/encuentroinformativo.com.mx\/?p=59159","title":{"rendered":"Con Claudia Sheinbaum se potencializar\u00e1 Veracruz: Maritza Cantarell"},"content":{"rendered":"\n<p><strong>Alejandro \u00c1vila<\/strong><\/p>\n\n\n\n<p>Veracruz, Ver.- Con el anuncio de la presidenta, Claudia Sheinbaum Pardo, de reactivar el tren de pasajeros para Veracruz, se potencializar\u00e1 el turismo, la econom\u00eda y el empleo para la zona conurbada, mencion\u00f3 la delegada municipal de Morena, Maritza Cantarell Castillo.<\/p>\n\n\n\n<p>&#8220;Nos pusimos muy felices al escuchar sus propuestas y proyectos que ya a partir del d\u00eda de hoy van a estar en acci\u00f3n y que van a beneficiar a los grupos m\u00e1s vulnerables, recordemos que el lema de Morena es primero los pobres, dentro de todas estas acciones, tambi\u00e9n destaco que dijo que para Veracruz se va a buscar reactivar el tren de pasajeros, y esto muy seguramente va a traer beneficios econ\u00f3micos, de movilidad, sociales, entre muchos otros&#8221;, expres\u00f3.<\/p>\n\n\n\n<p>La integrante del partido guinda acompa\u00f1\u00f3 a la comitiva liderada por el diputado local electo, Pep\u00edn Ruiz, la cual estuvo presente este 1 de octubre en el z\u00f3calo de la Ciudad de M\u00e9xico, durante el primer mensaje de la presidenta, tras haber tomado protesta en el Congreso de la Uni\u00f3n.<\/p>\n\n\n\n<p>&#8220;Acudimos con la esperanza de que el segundo piso de la transformaci\u00f3n se est\u00e1 consolidando y est\u00e1 en marcha ya. Creemos que con la doctora Claudia al frente del pa\u00eds, siendo la primera mujer que encabeza nuestro M\u00e9xico va a hacer un gran trabajo en coordinaci\u00f3n con nuestra gobernadora, Roc\u00edo Nahle, todo ese trabajo no tenemos duda que se va a dar de manera muy beneficiosa para todos los veracruzanos&#8221;.<\/p>\n","protected":false},"excerpt":{"rendered":"<p>Alejandro \u00c1vila Veracruz, Ver.- Con el anuncio de la presidenta, Claudia Sheinbaum Pardo, de reactivar el tren de pasajeros para Veracruz, se potencializar\u00e1 el turismo, la econom\u00eda y el empleo para la zona conurbada, mencion\u00f3 la delegada municipal de Morena, Maritza Cantarell Castillo. &#8220;Nos pusimos muy felices al escuchar sus propuestas y proyectos que ya [&hellip;]<\/p>\n","protected":false},"author":2476,"featured_media":59160,"comment_status":"open","ping_status":"open","sticky":false,"template":"","format":"standard","meta":{"_jetpack_memberships_contains_paid_content":false,"footnotes":""},"categories":[2],"tags":[],"class_list":["post-59159","post","type-post","status-publish","format-standard","has-post-thumbnail","hentry","category-estado"],"jetpack_featured_media_url":"https:\/\/encuentroinformativo.com.mx\/wp-content\/uploads\/2024\/10\/IMG-20241002-WA0014.jpg","jetpack_sharing_enabled":true,"jetpack_likes_enabled":true,"amp_enabled":true,"_links":{"self":[{"href":"https:\/\/encuentroinformativo.com.mx\/index.php?rest_route=\/wp\/v2\/posts\/59159","targetHints":{"allow":["GET"]}}],"collection":[{"href":"https:\/\/encuentroinformativo.com.mx\/index.php?rest_route=\/wp\/v2\/posts"}],"about":[{"href":"https:\/\/encuentroinformativo.com.mx\/index.php?rest_route=\/wp\/v2\/types\/post"}],"author":[{"embeddable":true,"href":"https:\/\/encuentroinformativo.com.mx\/index.php?rest_route=\/wp\/v2\/users\/2476"}],"replies":[{"embeddable":true,"href":"https:\/\/encuentroinformativo.com.mx\/index.php?rest_route=%2Fwp%2Fv2%2Fcomments&post=59159"}],"version-history":[{"count":1,"href":"https:\/\/encuentroinformativo.com.mx\/index.php?rest_route=\/wp\/v2\/posts\/59159\/revisions"}],"predecessor-version":[{"id":59161,"href":"https:\/\/encuentroinformativo.com.mx\/index.php?rest_route=\/wp\/v2\/posts\/59159\/revisions\/59161"}],"wp:featuredmedia":[{"embeddable":true,"href":"https:\/\/encuentroinformativo.com.mx\/index.php?rest_route=\/wp\/v2\/media\/59160"}],"wp:attachment":[{"href":"https:\/\/encuentroinformativo.com.mx\/index.php?rest_route=%2Fwp%2Fv2%2Fmedia&parent=59159"}],"wp:term":[{"taxonomy":"category","embeddable":true,"href":"https:\/\/encuentroinformativo.com.mx\/index.php?rest_route=%2Fwp%2Fv2%2Fcategories&post=59159"},{"taxonomy":"post_tag","embeddable":true,"href":"https:\/\/encuentroinformativo.com.mx\/index.php?rest_route=%2Fwp%2Fv2%2Ftags&post=59159"}],"curies":[{"name":"wp","href":"https:\/\/api.w.org\/{rel}","templated":true}]}}