{"id":5917,"date":"2020-09-17T13:37:25","date_gmt":"2020-09-17T18:37:25","guid":{"rendered":"https:\/\/encuentroinformativo.com.mx\/?p=5917"},"modified":"2020-09-17T13:37:28","modified_gmt":"2020-09-17T18:37:28","slug":"solicitan-ayuda-para-operacion-del-pequeno-leo","status":"publish","type":"post","link":"https:\/\/encuentroinformativo.com.mx\/?p=5917","title":{"rendered":"Solicitan ayuda para operaci\u00f3n del peque\u00f1o Leo"},"content":{"rendered":"\n<p><strong>Juan Arcos <\/strong><\/p>\n\n\n\n<p>Xalapa, Ver.- Karen vende art\u00edculos por cat\u00e1logo; hace postres, pasteles y gelatinas; y tambi\u00e9n organiza rifas, para recaudar fondos y cubrir los gastos de la operaci\u00f3n urgente que requiere su hijo Leonardo Daniel, de apenas cinco a\u00f1os.<\/p>\n\n\n\n<p>Los m\u00e9dicos han dicho a la mujer que el menor podr\u00eda padecer c\u00e1ncer testicular. Sus g\u00f3nadas masculinas no descendieron al nacer y es probable que permanezcan en su est\u00f3mago.<\/p>\n\n\n\n<p>El ni\u00f1o deb\u00eda ser intervenido quir\u00fargicamente cuando cumpli\u00f3 un a\u00f1o de vida; sin embargo, comenz\u00f3 con m\u00faltiples padecimientos que lo impidieron. Casi todo el tiempo ten\u00eda gripa y tos, adem\u00e1s de una desnutrici\u00f3n severa.<\/p>\n\n\n\n<p>Karen Hern\u00e1ndez Alonso es madre soltera y tiene 34 a\u00f1os. Naci\u00f3 en San Andr\u00e9s Tuxtla y actualmente radica en Xalapa, la capital de Veracruz. Est\u00e1 desesperada, pues se siente impotente al no poder ayudar a su hijo menor.<\/p>\n\n\n\n<p>\u201cA los diez meses le diagnostican desnutrici\u00f3n severa, porque \u00e9l comenz\u00f3 una semana con v\u00f3mito y diarrea. Los doctores del Centro de Salud Doctor Jos\u00e9 A. Maraboto solo me dieron medicamento para el v\u00f3mito y hasta ah\u00ed. Mi hermano me paga un m\u00e9dico particular y me dicen que si no hubiera llevado en ese momento al ni\u00f1o hubiera fallecido por una severa deshidrataci\u00f3n por la diarrea y el v\u00f3mito\u201d, comenta.<\/p>\n\n\n\n<p><strong>CIRUG\u00cdA IMPROVISADA\u00a0<\/strong><\/p>\n\n\n\n<p>Fue hasta los tres a\u00f1os cuando fue operado. Un m\u00e9dico decidi\u00f3 abrir su vientre para buscar sus test\u00edculos, sin encontrarlos. La cirug\u00eda hab\u00eda sido en vano.<\/p>\n\n\n\n<p>\u201cEl doctor, antes del ingreso al hospital, me hab\u00eda dicho que se har\u00eda por medio de una c\u00e1mara (la cirug\u00eda), se le iba a introducir una peque\u00f1a c\u00e1mara por el ombligo al ni\u00f1o. Me hab\u00eda mandado a hacer un ultrasonido, pero los test\u00edculos no se logran ver. A\u00fan as\u00ed el doctor decide ingresarlo a quir\u00f3fano. Nos comenta el doctor que la c\u00e1mara estaba ocupada en ese momento y que decidi\u00f3 abrirlo para tratar de descenderle sus test\u00edculos con su mano, cuando \u00e9l ya sab\u00eda que no se palpan y no se vieron en ultrasonido, dice que no se los encontr\u00f3 y que decidi\u00f3 volver a cerrarlo\u201d, relata.<\/p>\n\n\n\n<p>Al a\u00f1o siguiente, Leo comenz\u00f3 con fuertes dolores de cabeza y fiebre de m\u00e1s de 40 grados cent\u00edgrados. El 23 de octubre de 2019, entr\u00f3 a terapia intensiva por crisis convulsiva durante tres d\u00edas y, luego, en coma.<\/p>\n\n\n\n<p>En diciembre pasado, los m\u00e9dicos lo dieron de alta y, en enero, inici\u00f3 su tratamiento con especialistas y terapeutas; sin embargo, solo accedi\u00f3 a dicha atenci\u00f3n durante dos meses, pues la pandemia del SARS-COV-2 (COVID-19) ocasion\u00f3 la suspensi\u00f3n de toda actividad cl\u00ednica que ayudaba a su salud.<\/p>\n\n\n\n<p>El menor fue diagnosticado con encefalitis autoinmune, una enfermedad que le ocasiona convulsiones y otros s\u00edntomas como gripa, trastornos del sue\u00f1o, disfunci\u00f3n del habla y p\u00e9rdida del conocimiento.<\/p>\n\n\n\n<p>Las consultas fueron suspendidas en el Centro de Alta Especialidad \u201cDoctor Rafael Lucio\u201d, toda vez que fue habilitado por el Sector Salud como un hospital COVID-19.<\/p>\n\n\n\n<p><strong>SECUELAS\u00a0<\/strong><\/p>\n\n\n\n<p>El ni\u00f1o casi no camina, volvi\u00f3 a utilizar pa\u00f1al y siempre est\u00e1 medicado para evitar las convulsiones.<\/p>\n\n\n\n<p>A su mam\u00e1 no le alcanza el dinero para comprar las medicinas. Solo dos veces recibieron el tratamiento por parte del Sistema para el Desarrollo Integral de la Familia (DIF).<\/p>\n\n\n\n<p>\u201cA ra\u00edz de todo, me dedico a las ventas, vendo cosas por cat\u00e1logo, joyer\u00eda fina, postres, pasteles y gelatinas, con eso m\u00e1s o menos trato de solventar los gastos de mi hijo. Me separ\u00e9 y solamente estamos mis hijos y yo\u201d, menciona Karen.<\/p>\n\n\n\n<p>Ahora, est\u00e1n a la espera de conseguir el dinero para cubrir la operaci\u00f3n en el hospital particular San Francisco, ubicado en el centro de Xalapa.<\/p>\n\n\n\n<p>\u201cSi los llegara a tener en el est\u00f3mago (test\u00edculos) ser\u00eda de alto riesgo. Le mandaron a hacer un ultrasonido, pero a\u00fan no tenemos los resultados\u201d, recuerda su madre.<\/p>\n\n\n\n<p>Hern\u00e1ndez Alonso pide el apoyo de fundaciones, instituciones de gobierno y del mismo presidente de la Rep\u00fablica, Andr\u00e9s Manuel L\u00f3pez Obrador, para adquirir medicamentos y, sobre todo, para cubrir los gastos de la operaci\u00f3n de su peque\u00f1o.<\/p>\n\n\n\n<p>Karen cre\u00f3 la p\u00e1gina de Facebook \u201cEncefalitis autoinmune Leonardo Daniel\u201d y proporcion\u00f3 su n\u00famero celular 2281219618, para recibir ayuda monetaria o en especie, pues la vida de su hijo contin\u00faa en peligro.<\/p>\n","protected":false},"excerpt":{"rendered":"<p>Juan Arcos Xalapa, Ver.- Karen vende art\u00edculos por cat\u00e1logo; hace postres, pasteles y gelatinas; y tambi\u00e9n organiza rifas, para recaudar fondos y cubrir los gastos de la operaci\u00f3n urgente que requiere su hijo Leonardo Daniel, de apenas cinco a\u00f1os. Los m\u00e9dicos han dicho a la mujer que el menor podr\u00eda padecer c\u00e1ncer testicular. Sus g\u00f3nadas [&hellip;]<\/p>\n","protected":false},"author":1,"featured_media":5918,"comment_status":"open","ping_status":"open","sticky":false,"template":"","format":"aside","meta":{"_jetpack_memberships_contains_paid_content":false,"footnotes":""},"categories":[10],"tags":[],"class_list":["post-5917","post","type-post","status-publish","format-aside","has-post-thumbnail","hentry","category-entrevistas","post_format-post-format-aside"],"jetpack_featured_media_url":"https:\/\/encuentroinformativo.com.mx\/wp-content\/uploads\/2020\/09\/61BA10B6-1A63-4E07-8930-A190680BF2C4.jpeg","jetpack_sharing_enabled":true,"jetpack_likes_enabled":true,"amp_enabled":true,"_links":{"self":[{"href":"https:\/\/encuentroinformativo.com.mx\/index.php?rest_route=\/wp\/v2\/posts\/5917","targetHints":{"allow":["GET"]}}],"collection":[{"href":"https:\/\/encuentroinformativo.com.mx\/index.php?rest_route=\/wp\/v2\/posts"}],"about":[{"href":"https:\/\/encuentroinformativo.com.mx\/index.php?rest_route=\/wp\/v2\/types\/post"}],"author":[{"embeddable":true,"href":"https:\/\/encuentroinformativo.com.mx\/index.php?rest_route=\/wp\/v2\/users\/1"}],"replies":[{"embeddable":true,"href":"https:\/\/encuentroinformativo.com.mx\/index.php?rest_route=%2Fwp%2Fv2%2Fcomments&post=5917"}],"version-history":[{"count":1,"href":"https:\/\/encuentroinformativo.com.mx\/index.php?rest_route=\/wp\/v2\/posts\/5917\/revisions"}],"predecessor-version":[{"id":5919,"href":"https:\/\/encuentroinformativo.com.mx\/index.php?rest_route=\/wp\/v2\/posts\/5917\/revisions\/5919"}],"wp:featuredmedia":[{"embeddable":true,"href":"https:\/\/encuentroinformativo.com.mx\/index.php?rest_route=\/wp\/v2\/media\/5918"}],"wp:attachment":[{"href":"https:\/\/encuentroinformativo.com.mx\/index.php?rest_route=%2Fwp%2Fv2%2Fmedia&parent=5917"}],"wp:term":[{"taxonomy":"category","embeddable":true,"href":"https:\/\/encuentroinformativo.com.mx\/index.php?rest_route=%2Fwp%2Fv2%2Fcategories&post=5917"},{"taxonomy":"post_tag","embeddable":true,"href":"https:\/\/encuentroinformativo.com.mx\/index.php?rest_route=%2Fwp%2Fv2%2Ftags&post=5917"}],"curies":[{"name":"wp","href":"https:\/\/api.w.org\/{rel}","templated":true}]}}