{"id":59178,"date":"2024-10-02T12:15:09","date_gmt":"2024-10-02T18:15:09","guid":{"rendered":"https:\/\/encuentroinformativo.com.mx\/?p=59178"},"modified":"2024-10-02T12:15:15","modified_gmt":"2024-10-02T18:15:15","slug":"inicia-claudia-sheinbaum-mananeras-con-disculpa-publica-por-victimas-del-68","status":"publish","type":"post","link":"https:\/\/encuentroinformativo.com.mx\/?p=59178","title":{"rendered":"Inicia Claudia Sheinbaum \u201cma\u00f1aneras\u201d con disculpa p\u00fablica por v\u00edctimas del 68"},"content":{"rendered":"\n<p><strong>Foto: <\/strong>Presidencia <\/p>\n\n\n\n<p><strong>Redacci\u00f3n<\/strong><\/p>\n\n\n\n<p>Xalapa, Ver. La presidenta de la Rep\u00fablica, Claudia Sheinbaum Pardo dedic\u00f3 su primera \u201cMa\u00f1anera del Pueblo\u201d para recordar la matanza del 2 de Octubre en Tlatelolco.<\/p>\n\n\n\n<p>Durante la conferencia de prensa, la mandataria se autocalific\u00f3 como una hija del 68, y destac\u00f3 que el tema de las disculpas p\u00fablicas inicio con el expresidente Andr\u00e9s Manuel L\u00f3pez Obrador y por ello el Gobierno de M\u00e9xico ofrecer\u00eda disculpas a los familiares que perdieron a alg\u00fan ser querido por la matanza de Tlatelolco en el 68.<\/p>\n\n\n\n<p>\u201cEl d\u00eda de hoy, primera ma\u00f1anera del pueblo en el Segundo Piso de la Cuarta Transformaci\u00f3n, lo vamos a dedicar al 2 de octubre, 2 de octubre no se olvida. Hace 56 a\u00f1os, en la plaza de Tlatelolco, despu\u00e9s de un movimiento estudiantil que lo que ped\u00eda era libertad, democracia\u2026 Personalmente, para m\u00ed es una obligaci\u00f3n el d\u00eda de hoy. He dicho en otras ocasiones que soy hija del 68: mi madre particip\u00f3 en ese movimiento estudiantil, era profesora del Instituto Polit\u00e9cnico Nacional, ella particip\u00f3 durante todo el movimiento como profesora ayudando a los estudiantes\u201d.<\/p>\n\n\n\n<p>\u201cLa disculpa p\u00fablica es algo que inici\u00f3 con el presidente Andr\u00e9s Manuel L\u00f3pez Obrador y que nosotros le vamos a dar continuidad. Las disculpas p\u00fablicas de un crimen de lesa humanidad \u2014como fue el caso de los pueblos yaquis y otros casos que hizo el presidente\u2014 engrandece a los pueblos, reconoce cr\u00edmenes como este y, al mismo tiempo, pone un alto y dice: \u2018Nunca m\u00e1s\u2019.<\/p>\n\n\n\n<p>La secretaria de Gobernaci\u00f3n, Rosa Icela Rodr\u00edguez, fue la responsable de emitir una disculpa p\u00fablica a nombre del Estado mexicano a todos los familiares que perdieron a alguien el 2 de octubre.<\/p>\n\n\n\n<p>\u201cEl Estado mexicano ofrece una sentida disculpa p\u00fablica a todas las personas que perdieron a un ser querido o a quienes fueron v\u00edctimas de los cr\u00edmenes de lesa humanidad cometidos la noche del 2 de octubre de 1968. Hechos como este no pueden volver a repetirse\u201d, puntualiz\u00f3.<\/p>\n","protected":false},"excerpt":{"rendered":"<p>Foto: Presidencia Redacci\u00f3n Xalapa, Ver. La presidenta de la Rep\u00fablica, Claudia Sheinbaum Pardo dedic\u00f3 su primera \u201cMa\u00f1anera del Pueblo\u201d para recordar la matanza del 2 de Octubre en Tlatelolco. Durante la conferencia de prensa, la mandataria se autocalific\u00f3 como una hija del 68, y destac\u00f3 que el tema de las disculpas p\u00fablicas inicio con el [&hellip;]<\/p>\n","protected":false},"author":2476,"featured_media":59179,"comment_status":"open","ping_status":"open","sticky":false,"template":"","format":"standard","meta":{"_jetpack_memberships_contains_paid_content":false,"footnotes":""},"categories":[12],"tags":[],"class_list":["post-59178","post","type-post","status-publish","format-standard","has-post-thumbnail","hentry","category-nacional"],"jetpack_featured_media_url":"https:\/\/encuentroinformativo.com.mx\/wp-content\/uploads\/2024\/10\/IMG-20241002-WA0043.jpg","jetpack_sharing_enabled":true,"jetpack_likes_enabled":true,"amp_enabled":true,"_links":{"self":[{"href":"https:\/\/encuentroinformativo.com.mx\/index.php?rest_route=\/wp\/v2\/posts\/59178","targetHints":{"allow":["GET"]}}],"collection":[{"href":"https:\/\/encuentroinformativo.com.mx\/index.php?rest_route=\/wp\/v2\/posts"}],"about":[{"href":"https:\/\/encuentroinformativo.com.mx\/index.php?rest_route=\/wp\/v2\/types\/post"}],"author":[{"embeddable":true,"href":"https:\/\/encuentroinformativo.com.mx\/index.php?rest_route=\/wp\/v2\/users\/2476"}],"replies":[{"embeddable":true,"href":"https:\/\/encuentroinformativo.com.mx\/index.php?rest_route=%2Fwp%2Fv2%2Fcomments&post=59178"}],"version-history":[{"count":1,"href":"https:\/\/encuentroinformativo.com.mx\/index.php?rest_route=\/wp\/v2\/posts\/59178\/revisions"}],"predecessor-version":[{"id":59180,"href":"https:\/\/encuentroinformativo.com.mx\/index.php?rest_route=\/wp\/v2\/posts\/59178\/revisions\/59180"}],"wp:featuredmedia":[{"embeddable":true,"href":"https:\/\/encuentroinformativo.com.mx\/index.php?rest_route=\/wp\/v2\/media\/59179"}],"wp:attachment":[{"href":"https:\/\/encuentroinformativo.com.mx\/index.php?rest_route=%2Fwp%2Fv2%2Fmedia&parent=59178"}],"wp:term":[{"taxonomy":"category","embeddable":true,"href":"https:\/\/encuentroinformativo.com.mx\/index.php?rest_route=%2Fwp%2Fv2%2Fcategories&post=59178"},{"taxonomy":"post_tag","embeddable":true,"href":"https:\/\/encuentroinformativo.com.mx\/index.php?rest_route=%2Fwp%2Fv2%2Ftags&post=59178"}],"curies":[{"name":"wp","href":"https:\/\/api.w.org\/{rel}","templated":true}]}}