{"id":59188,"date":"2024-10-02T15:42:11","date_gmt":"2024-10-02T21:42:11","guid":{"rendered":"https:\/\/encuentroinformativo.com.mx\/?p=59188"},"modified":"2024-10-02T15:42:17","modified_gmt":"2024-10-02T21:42:17","slug":"van-7-detenidos-por-hechos-violentos-en-martinez-de-la-torre","status":"publish","type":"post","link":"https:\/\/encuentroinformativo.com.mx\/?p=59188","title":{"rendered":"Van 7 detenidos por hechos violentos en Mart\u00ednez de la Torre"},"content":{"rendered":"\n<p><strong>Dar\u00edo Pale <\/strong><\/p>\n\n\n\n<p>Xalapa, Ver.- De los cuatro asesinados en Mart\u00ednez, ya hay 7 detenidos, adem\u00e1s confirm\u00f3 la detenci\u00f3n de una banda delictiva en el sur del estado, as\u00ed lo dio a conocer el gobernador Cuitl\u00e1huac Garc\u00eda Jim\u00e9nez.<\/p>\n\n\n\n<p>En conferencia de prensa se\u00f1al\u00f3 que, tras el asesinato de cuatro personas en el municipio de Mart\u00ednez de la Torre, dio a conocer que ya hay siete personas detenidas.<\/p>\n\n\n\n<p>Hay que recordar que este lunes ocurri\u00f3 un ataque armado en el que lamentablemente cuatro personas perdieron la vida, los hechos ocurrieron al interior de un domicilio ubicado en el callej\u00f3n Carolino Anaya, en la colonia Ejidal, del municipio de Mart\u00ednez de la Torre.<\/p>\n\n\n\n<p>El sitio en el que fueron asesinados tres hombres y una mujer, se usaba para la venta de drogas, lament\u00f3 estos hechos, pero asegur\u00f3 que cuando ocurren este tipo de situaciones saben qui\u00e9nes son los responsables.<\/p>\n\n\n\n<p>&#8220;O sea, inmediatamente esa l\u00ednea de investigaci\u00f3n nos lleva a dar con los responsables porque reparten la droga o el equipo que est\u00e1 ah\u00ed, en ese homicidio perdieron la vida 4 personas, pero hay 7 detenidos ya. Pronto la Secretar\u00eda de Seguridad P\u00fablica va a informar y la Fiscal\u00eda va a informar&#8221;, adelant\u00f3.<\/p>\n\n\n\n<p>Revel\u00f3 que los detenidos podr\u00edan estar relacionados con la comisi\u00f3n de este y otros varios delitos, pero la Fiscal\u00eda tendr\u00e1 que indagar m\u00e1s al respecto.<\/p>\n\n\n\n<p>En otro orden de ideas, confirm\u00f3 la detenci\u00f3n y vinculaci\u00f3n a proceso de una c\u00e9lula delictiva que operaba en el sur de Veracruz, afirm\u00f3 que se trata de cinco presuntos delincuentes, quienes habr\u00edan cometido diversos delitos como asesinatos.<\/p>\n\n\n\n<p>La Fiscal\u00eda regional en\u00a0 Coatzacoalcos logr\u00f3 la imputaci\u00f3n contra Juli\u00e1n \u201cN\u201d, Jos\u00e9 Javier \u201cN\u201d, Graciela \u201cN\u201d; Brandon Joseph \u201cN\u201d y Roberto \u201cN\u201d.<\/p>\n\n\n\n<p>Dichos sujetos est\u00e1n siendo se\u00f1alados como probables responsables de los delitos contra la salud, contra las instituciones de seguridad p\u00fablica y contra la seguridad de tr\u00e1nsito de veh\u00edculos.<\/p>\n\n\n\n<p>Por \u00faltimo cabe recordar que los hechos ocurrieron el 29 de septiembre y los ahora imputados son objetivos prioritarios debido a que son considerados presuntos generadores de violencia en la zona de Coatzacoalcos.<\/p>\n","protected":false},"excerpt":{"rendered":"<p>Dar\u00edo Pale Xalapa, Ver.- De los cuatro asesinados en Mart\u00ednez, ya hay 7 detenidos, adem\u00e1s confirm\u00f3 la detenci\u00f3n de una banda delictiva en el sur del estado, as\u00ed lo dio a conocer el gobernador Cuitl\u00e1huac Garc\u00eda Jim\u00e9nez. En conferencia de prensa se\u00f1al\u00f3 que, tras el asesinato de cuatro personas en el municipio de Mart\u00ednez de [&hellip;]<\/p>\n","protected":false},"author":2476,"featured_media":59189,"comment_status":"open","ping_status":"open","sticky":false,"template":"","format":"standard","meta":{"_jetpack_memberships_contains_paid_content":false,"footnotes":""},"categories":[14],"tags":[],"class_list":["post-59188","post","type-post","status-publish","format-standard","has-post-thumbnail","hentry","category-policiaca"],"jetpack_featured_media_url":"https:\/\/encuentroinformativo.com.mx\/wp-content\/uploads\/2024\/10\/IMG-20241002-WA00832.jpg","jetpack_sharing_enabled":true,"jetpack_likes_enabled":true,"amp_enabled":true,"_links":{"self":[{"href":"https:\/\/encuentroinformativo.com.mx\/index.php?rest_route=\/wp\/v2\/posts\/59188","targetHints":{"allow":["GET"]}}],"collection":[{"href":"https:\/\/encuentroinformativo.com.mx\/index.php?rest_route=\/wp\/v2\/posts"}],"about":[{"href":"https:\/\/encuentroinformativo.com.mx\/index.php?rest_route=\/wp\/v2\/types\/post"}],"author":[{"embeddable":true,"href":"https:\/\/encuentroinformativo.com.mx\/index.php?rest_route=\/wp\/v2\/users\/2476"}],"replies":[{"embeddable":true,"href":"https:\/\/encuentroinformativo.com.mx\/index.php?rest_route=%2Fwp%2Fv2%2Fcomments&post=59188"}],"version-history":[{"count":1,"href":"https:\/\/encuentroinformativo.com.mx\/index.php?rest_route=\/wp\/v2\/posts\/59188\/revisions"}],"predecessor-version":[{"id":59190,"href":"https:\/\/encuentroinformativo.com.mx\/index.php?rest_route=\/wp\/v2\/posts\/59188\/revisions\/59190"}],"wp:featuredmedia":[{"embeddable":true,"href":"https:\/\/encuentroinformativo.com.mx\/index.php?rest_route=\/wp\/v2\/media\/59189"}],"wp:attachment":[{"href":"https:\/\/encuentroinformativo.com.mx\/index.php?rest_route=%2Fwp%2Fv2%2Fmedia&parent=59188"}],"wp:term":[{"taxonomy":"category","embeddable":true,"href":"https:\/\/encuentroinformativo.com.mx\/index.php?rest_route=%2Fwp%2Fv2%2Fcategories&post=59188"},{"taxonomy":"post_tag","embeddable":true,"href":"https:\/\/encuentroinformativo.com.mx\/index.php?rest_route=%2Fwp%2Fv2%2Ftags&post=59188"}],"curies":[{"name":"wp","href":"https:\/\/api.w.org\/{rel}","templated":true}]}}