{"id":59191,"date":"2024-10-02T15:48:24","date_gmt":"2024-10-02T21:48:24","guid":{"rendered":"https:\/\/encuentroinformativo.com.mx\/?p=59191"},"modified":"2024-10-02T15:48:29","modified_gmt":"2024-10-02T21:48:29","slug":"mantienen-autoridades-dos-lineas-de-investigacion-por-caso-de-jovenes-colombianas-gobernador","status":"publish","type":"post","link":"https:\/\/encuentroinformativo.com.mx\/?p=59191","title":{"rendered":"Mantienen autoridades dos l\u00edneas de investigaci\u00f3n por caso de j\u00f3venes colombianas: Gobernador"},"content":{"rendered":"\n<p><strong>Dar\u00edo Pale <\/strong><\/p>\n\n\n\n<p>Xalapa, Ver.- Existen dos l\u00edneas de investigaci\u00f3n tras secuestro de colombianas, pero evit\u00f3 informar si se investiga el delito de trata de personas, adem\u00e1s dio a conocer que liberaron de secuestro a 4 personas en Tuxpan, as\u00ed lo inform\u00f3 el gobernador Cuitl\u00e1huac Garc\u00eda Jim\u00e9nez.<\/p>\n\n\n\n<p>En conferencia de prensa detall\u00f3 que hay dos l\u00edneas de investigaci\u00f3n tras la liberaci\u00f3n de las seis j\u00f3venes modelos de origen colombiano, halladas en el municipio de Boca del R\u00edo, precis\u00f3 que una de las l\u00edneas de investigaci\u00f3n tiene que ver con el delito de secuestro, pero esquiv\u00f3 dar a conocer la otra l\u00ednea de investigaci\u00f3n.<\/p>\n\n\n\n<p>&#8220;A partir de la denuncia se inici\u00f3 ese operativo. Por fortuna fueron liberadas. La l\u00ednea de investigaci\u00f3n era un intento de cobro de secuestro, estas personas tienen una as\u00ed como una empresa de modelaje con atenci\u00f3n y servicios a domicilio, as\u00ed lo expresaron&#8221;, se\u00f1al\u00f3.<\/p>\n\n\n\n<p>Defini\u00f3 que la Fiscal\u00eda General del Estado ir\u00e1 tras los responsables y evit\u00f3 dar a conocer si ya hay personas detenidas, porque insisti\u00f3, hay dos l\u00edneas de investigaci\u00f3n al respecto.<\/p>\n\n\n\n<p>&#8220;Hay dos investigaciones al respecto de ese hecho y vamos a estar coordinados con la Fiscal para que podamos apoyarle&#8221;, manifest\u00f3.<\/p>\n\n\n\n<p>El titular del Ejecutivo Estatal revel\u00f3 que en el municipio de Tuxpan otras cuatro personas fueron liberadas de sus captores.<\/p>\n\n\n\n<p>Indic\u00f3 que las v\u00edctimas se negaron a interponer las denuncias penales correspondientes, sin embargo, la Fiscal\u00eda inici\u00f3 una carpeta de investigaci\u00f3n por noticia criminal.<\/p>\n\n\n\n<p>Por \u00faltimo manifest\u00f3 que el Gobierno y la Fiscal\u00eda hacen sus propias investigaciones, porque no se pueden quedar as\u00ed.<\/p>\n","protected":false},"excerpt":{"rendered":"<p>Dar\u00edo Pale Xalapa, Ver.- Existen dos l\u00edneas de investigaci\u00f3n tras secuestro de colombianas, pero evit\u00f3 informar si se investiga el delito de trata de personas, adem\u00e1s dio a conocer que liberaron de secuestro a 4 personas en Tuxpan, as\u00ed lo inform\u00f3 el gobernador Cuitl\u00e1huac Garc\u00eda Jim\u00e9nez. En conferencia de prensa detall\u00f3 que hay dos l\u00edneas [&hellip;]<\/p>\n","protected":false},"author":2476,"featured_media":59192,"comment_status":"open","ping_status":"open","sticky":false,"template":"","format":"standard","meta":{"_jetpack_memberships_contains_paid_content":false,"footnotes":""},"categories":[2],"tags":[],"class_list":["post-59191","post","type-post","status-publish","format-standard","has-post-thumbnail","hentry","category-estado"],"jetpack_featured_media_url":"https:\/\/encuentroinformativo.com.mx\/wp-content\/uploads\/2024\/10\/IMG-20241002-WA0080-scaled.jpg","jetpack_sharing_enabled":true,"jetpack_likes_enabled":true,"amp_enabled":true,"_links":{"self":[{"href":"https:\/\/encuentroinformativo.com.mx\/index.php?rest_route=\/wp\/v2\/posts\/59191","targetHints":{"allow":["GET"]}}],"collection":[{"href":"https:\/\/encuentroinformativo.com.mx\/index.php?rest_route=\/wp\/v2\/posts"}],"about":[{"href":"https:\/\/encuentroinformativo.com.mx\/index.php?rest_route=\/wp\/v2\/types\/post"}],"author":[{"embeddable":true,"href":"https:\/\/encuentroinformativo.com.mx\/index.php?rest_route=\/wp\/v2\/users\/2476"}],"replies":[{"embeddable":true,"href":"https:\/\/encuentroinformativo.com.mx\/index.php?rest_route=%2Fwp%2Fv2%2Fcomments&post=59191"}],"version-history":[{"count":1,"href":"https:\/\/encuentroinformativo.com.mx\/index.php?rest_route=\/wp\/v2\/posts\/59191\/revisions"}],"predecessor-version":[{"id":59193,"href":"https:\/\/encuentroinformativo.com.mx\/index.php?rest_route=\/wp\/v2\/posts\/59191\/revisions\/59193"}],"wp:featuredmedia":[{"embeddable":true,"href":"https:\/\/encuentroinformativo.com.mx\/index.php?rest_route=\/wp\/v2\/media\/59192"}],"wp:attachment":[{"href":"https:\/\/encuentroinformativo.com.mx\/index.php?rest_route=%2Fwp%2Fv2%2Fmedia&parent=59191"}],"wp:term":[{"taxonomy":"category","embeddable":true,"href":"https:\/\/encuentroinformativo.com.mx\/index.php?rest_route=%2Fwp%2Fv2%2Fcategories&post=59191"},{"taxonomy":"post_tag","embeddable":true,"href":"https:\/\/encuentroinformativo.com.mx\/index.php?rest_route=%2Fwp%2Fv2%2Ftags&post=59191"}],"curies":[{"name":"wp","href":"https:\/\/api.w.org\/{rel}","templated":true}]}}