{"id":59197,"date":"2024-10-02T17:46:33","date_gmt":"2024-10-02T23:46:33","guid":{"rendered":"https:\/\/encuentroinformativo.com.mx\/?p=59197"},"modified":"2024-10-02T17:46:39","modified_gmt":"2024-10-02T23:46:39","slug":"con-marcha-recuerdan-estudiantes-el-2-de-octubre","status":"publish","type":"post","link":"https:\/\/encuentroinformativo.com.mx\/?p=59197","title":{"rendered":"Con marcha, recuerdan estudiantes el 2 de Octubre"},"content":{"rendered":"\n<p><strong>Dar\u00edo Pale <\/strong><\/p>\n\n\n\n<p>Xalapa, Ver.- Como cada a\u00f1o el 2 de octubre los estudiantes de la Facultad de Humanidades de la Universidad Veracruzana (UV), marcharon por las principales calles del centro de la capital este mi\u00e9rcoles para recordar a las v\u00edctimas de la masacre ocurrida en Tlatelolco un 2 de octubre de 1968.\u00a0<\/p>\n\n\n\n<p>Gritando la consigna, &#8220;\u00a1Dos de octubre no se olvida!&#8221; marcharon, aunque reconocieron que en los \u00faltimos a\u00f1os la memoria de este suceso se ha perdido o cambiado, pues las marchas de estudio antes ya no son tan numerosas e incluso algunos desconocen este hecho hist\u00f3rico.<\/p>\n\n\n\n<p>&#8220;Quiz\u00e1 porque hay un sistema que apuesta al olvido, por eso mismo es muy importante esta organizaci\u00f3n, porque los estudiantes est\u00e1n impulsando. Si se fijan, en las pancartas dicen &#8220;somos la memoria viva y se reconocen como una memoria de lucha profunda en el pa\u00eds&#8221;.\u00a0<\/p>\n\n\n\n<p>A\u00fan as\u00ed, dijo que da gusto que los estudiantes &#8220;mantengan viva la flama&#8221; y subray\u00f3 que no s\u00f3lo es responsabilidad de los estudiantes, pero tambi\u00e9n debe de ser de las personas de las generaciones que lo vivieron y lo sufrieron, esto no debe de volver a suceder no lo del 68 ni lo de Ayotzinapa.\u00a0<\/p>\n\n\n\n<p>Insistieron en que &#8220;gobierne que gobierne, la lucha se mantiene&#8221; y confiaron que el cambio de gobierno actual de la presidenta Claudia Sheinbaum no recurra a la represi\u00f3n y violencia como en gobiernos anteriores.\u00a0<\/p>\n\n\n\n<p>Finalmente se\u00f1alaron que las demandas de los j\u00f3venes a 56 a\u00f1os de la represi\u00f3n del 2 de octubre del 68 es democracia, justicia y libertad, dijeron antes de concluir la marcha con una concentraci\u00f3n en la plaza Lerdo.<\/p>\n\n\n\n<figure class=\"wp-block-image size-large\"><img loading=\"lazy\" decoding=\"async\" width=\"1024\" height=\"768\" src=\"https:\/\/encuentroinformativo.com.mx\/wp-content\/uploads\/2024\/10\/1000398788-1024x768.jpg\" alt=\"\" class=\"wp-image-59199\" srcset=\"https:\/\/encuentroinformativo.com.mx\/wp-content\/uploads\/2024\/10\/1000398788-1024x768.jpg 1024w, https:\/\/encuentroinformativo.com.mx\/wp-content\/uploads\/2024\/10\/1000398788-300x225.jpg 300w, https:\/\/encuentroinformativo.com.mx\/wp-content\/uploads\/2024\/10\/1000398788-768x576.jpg 768w, https:\/\/encuentroinformativo.com.mx\/wp-content\/uploads\/2024\/10\/1000398788-1536x1152.jpg 1536w, https:\/\/encuentroinformativo.com.mx\/wp-content\/uploads\/2024\/10\/1000398788.jpg 1600w\" sizes=\"auto, (max-width: 1024px) 100vw, 1024px\" \/><\/figure>\n","protected":false},"excerpt":{"rendered":"<p>Dar\u00edo Pale Xalapa, Ver.- Como cada a\u00f1o el 2 de octubre los estudiantes de la Facultad de Humanidades de la Universidad Veracruzana (UV), marcharon por las principales calles del centro de la capital este mi\u00e9rcoles para recordar a las v\u00edctimas de la masacre ocurrida en Tlatelolco un 2 de octubre de 1968.\u00a0 Gritando la consigna, [&hellip;]<\/p>\n","protected":false},"author":2476,"featured_media":59198,"comment_status":"open","ping_status":"open","sticky":false,"template":"","format":"standard","meta":{"_jetpack_memberships_contains_paid_content":false,"footnotes":""},"categories":[3],"tags":[],"class_list":["post-59197","post","type-post","status-publish","format-standard","has-post-thumbnail","hentry","category-xalapa"],"jetpack_featured_media_url":"https:\/\/encuentroinformativo.com.mx\/wp-content\/uploads\/2024\/10\/IMG-20241002-WA0125.jpg","jetpack_sharing_enabled":true,"jetpack_likes_enabled":true,"amp_enabled":true,"_links":{"self":[{"href":"https:\/\/encuentroinformativo.com.mx\/index.php?rest_route=\/wp\/v2\/posts\/59197","targetHints":{"allow":["GET"]}}],"collection":[{"href":"https:\/\/encuentroinformativo.com.mx\/index.php?rest_route=\/wp\/v2\/posts"}],"about":[{"href":"https:\/\/encuentroinformativo.com.mx\/index.php?rest_route=\/wp\/v2\/types\/post"}],"author":[{"embeddable":true,"href":"https:\/\/encuentroinformativo.com.mx\/index.php?rest_route=\/wp\/v2\/users\/2476"}],"replies":[{"embeddable":true,"href":"https:\/\/encuentroinformativo.com.mx\/index.php?rest_route=%2Fwp%2Fv2%2Fcomments&post=59197"}],"version-history":[{"count":1,"href":"https:\/\/encuentroinformativo.com.mx\/index.php?rest_route=\/wp\/v2\/posts\/59197\/revisions"}],"predecessor-version":[{"id":59200,"href":"https:\/\/encuentroinformativo.com.mx\/index.php?rest_route=\/wp\/v2\/posts\/59197\/revisions\/59200"}],"wp:featuredmedia":[{"embeddable":true,"href":"https:\/\/encuentroinformativo.com.mx\/index.php?rest_route=\/wp\/v2\/media\/59198"}],"wp:attachment":[{"href":"https:\/\/encuentroinformativo.com.mx\/index.php?rest_route=%2Fwp%2Fv2%2Fmedia&parent=59197"}],"wp:term":[{"taxonomy":"category","embeddable":true,"href":"https:\/\/encuentroinformativo.com.mx\/index.php?rest_route=%2Fwp%2Fv2%2Fcategories&post=59197"},{"taxonomy":"post_tag","embeddable":true,"href":"https:\/\/encuentroinformativo.com.mx\/index.php?rest_route=%2Fwp%2Fv2%2Ftags&post=59197"}],"curies":[{"name":"wp","href":"https:\/\/api.w.org\/{rel}","templated":true}]}}