{"id":5920,"date":"2020-09-17T14:09:12","date_gmt":"2020-09-17T19:09:12","guid":{"rendered":"https:\/\/encuentroinformativo.com.mx\/?p=5920"},"modified":"2020-09-17T14:09:15","modified_gmt":"2020-09-17T19:09:15","slug":"en-xallitic-conforman-grupo-de-vecinos-vigilantes","status":"publish","type":"post","link":"https:\/\/encuentroinformativo.com.mx\/?p=5920","title":{"rendered":"En Xallitic, conforman grupo de Vecinos Vigilantes"},"content":{"rendered":"\n<p><strong>Juan Arcos <\/strong><\/p>\n\n\n\n<p>Xalapa, Ver.- Pobladores del barrio Xallitic conformaron un grupo de vecinos vigilantes ante los constantes robos y asaltos que se han registrado en la zona, durante los \u00faltimos dos meses.<\/p>\n\n\n\n<p>La gente coloc\u00f3 una lona, con el prop\u00f3sito de advertir a los delincuentes que est\u00e1 preparada para responder en caso de alg\u00fan altercado.<\/p>\n\n\n\n<p>&#8220;\u00a1Alerta! veh\u00edculo o persona sospechosa que permanezca m\u00e1s de 10 minutos ser\u00e1 reportada a la Polic\u00eda Municipal&#8221;, se lee en el mensaje.<\/p>\n\n\n\n<p>Los pobladores comentaron que el barrio Xallitic se ha convertido en un lugar de peligro, ante los constantes hechos delictivos que se han registrado.<\/p>\n\n\n\n<p>Lo anterior, pese a que el sitio se encuentra la zona centro de la ciudad, a unas cuadras de Palacio de Gobierno, Palacio Municipal y de la Torre de la Fuerza Civil.<\/p>\n\n\n\n<p>Los vecinos mencionaron que tienen temor, toda vez que han ocurrido robos a casa habitaci\u00f3n y asaltos sobre las calles que rodean al lugar tur\u00edstico.<\/p>\n\n\n\n<p>Adem\u00e1s, acusaron que la Polic\u00eda Municipal no ha atendido los llamados de emergencia por parte de las familias.<\/p>\n\n\n\n<p>Agregaron que los mismos vecinos se unieron para auxiliar a las personas que hab\u00edan sido v\u00edctimas de un asalto.<\/p>\n\n\n\n<p>Por tal motivo, pidieron la intervenci\u00f3n de la Secretar\u00eda de Seguridad P\u00fablica (SSP), a cargo de Hugo Guti\u00e9rrez Maldonado, para que la Polic\u00eda Estatal incremente la vigilancia en la zona y as\u00ed regrese la tranquilidad a dicho barrio emblem\u00e1tico de la ciudad.<\/p>\n\n\n\n<p>De enero a julio, se contabilizaron mil 559 robos a casa habitaci\u00f3n en la entidad veracruzana, de los cuales 299 ocurrieron con violencia y mil 260 sin violencia.<\/p>\n\n\n\n<p>Las cifras del Secretariado Ejecutivo del Sistema Nacional de Seguridad P\u00fablica (SESNSP) muestran que, en el mismo periodo, tambi\u00e9n se registraron mil 229 robos a transe\u00fante en v\u00eda p\u00fablica: 932 con violencia y 297 sin violencia.<\/p>\n","protected":false},"excerpt":{"rendered":"<p>Juan Arcos Xalapa, Ver.- Pobladores del barrio Xallitic conformaron un grupo de vecinos vigilantes ante los constantes robos y asaltos que se han registrado en la zona, durante los \u00faltimos dos meses. La gente coloc\u00f3 una lona, con el prop\u00f3sito de advertir a los delincuentes que est\u00e1 preparada para responder en caso de alg\u00fan altercado. [&hellip;]<\/p>\n","protected":false},"author":1,"featured_media":5921,"comment_status":"open","ping_status":"open","sticky":false,"template":"","format":"aside","meta":{"_jetpack_memberships_contains_paid_content":false,"footnotes":""},"categories":[3],"tags":[],"class_list":["post-5920","post","type-post","status-publish","format-aside","has-post-thumbnail","hentry","category-xalapa","post_format-post-format-aside"],"jetpack_featured_media_url":"https:\/\/encuentroinformativo.com.mx\/wp-content\/uploads\/2020\/09\/7FCB9C7E-1A3E-42E7-98C6-75BE9C77C466.jpeg","jetpack_sharing_enabled":true,"jetpack_likes_enabled":true,"amp_enabled":true,"_links":{"self":[{"href":"https:\/\/encuentroinformativo.com.mx\/index.php?rest_route=\/wp\/v2\/posts\/5920","targetHints":{"allow":["GET"]}}],"collection":[{"href":"https:\/\/encuentroinformativo.com.mx\/index.php?rest_route=\/wp\/v2\/posts"}],"about":[{"href":"https:\/\/encuentroinformativo.com.mx\/index.php?rest_route=\/wp\/v2\/types\/post"}],"author":[{"embeddable":true,"href":"https:\/\/encuentroinformativo.com.mx\/index.php?rest_route=\/wp\/v2\/users\/1"}],"replies":[{"embeddable":true,"href":"https:\/\/encuentroinformativo.com.mx\/index.php?rest_route=%2Fwp%2Fv2%2Fcomments&post=5920"}],"version-history":[{"count":1,"href":"https:\/\/encuentroinformativo.com.mx\/index.php?rest_route=\/wp\/v2\/posts\/5920\/revisions"}],"predecessor-version":[{"id":5922,"href":"https:\/\/encuentroinformativo.com.mx\/index.php?rest_route=\/wp\/v2\/posts\/5920\/revisions\/5922"}],"wp:featuredmedia":[{"embeddable":true,"href":"https:\/\/encuentroinformativo.com.mx\/index.php?rest_route=\/wp\/v2\/media\/5921"}],"wp:attachment":[{"href":"https:\/\/encuentroinformativo.com.mx\/index.php?rest_route=%2Fwp%2Fv2%2Fmedia&parent=5920"}],"wp:term":[{"taxonomy":"category","embeddable":true,"href":"https:\/\/encuentroinformativo.com.mx\/index.php?rest_route=%2Fwp%2Fv2%2Fcategories&post=5920"},{"taxonomy":"post_tag","embeddable":true,"href":"https:\/\/encuentroinformativo.com.mx\/index.php?rest_route=%2Fwp%2Fv2%2Ftags&post=5920"}],"curies":[{"name":"wp","href":"https:\/\/api.w.org\/{rel}","templated":true}]}}