{"id":59207,"date":"2024-10-03T14:39:08","date_gmt":"2024-10-03T20:39:08","guid":{"rendered":"https:\/\/encuentroinformativo.com.mx\/?p=59207"},"modified":"2024-10-03T14:39:13","modified_gmt":"2024-10-03T20:39:13","slug":"existen-condiciones-para-reduccion-de-jornada-laboral-stps","status":"publish","type":"post","link":"https:\/\/encuentroinformativo.com.mx\/?p=59207","title":{"rendered":"Existen condiciones para reducci\u00f3n de jornada laboral: STPS"},"content":{"rendered":"\n<p><strong>Dar\u00edo Pale <\/strong><\/p>\n\n\n\n<p>Xalapa, Ver.- La secretaria del Trabajo en Veracruz, Dorheny Garc\u00eda Cayetano dijo existen las condiciones para reducir de 48 a 40 horas la jornada laboral, aunque debe haber acuerdos con las empresas de la iniciativa privada, adem\u00e1s de que lleva el 99.8 por ciento de avance en los requisitos para la entrega recepci\u00f3n.\u00a0\u00a0<\/p>\n\n\n\n<p>En entrevista, dijo que se requiere llegar a un acuerdo con la iniciativa privada, aunque se\u00f1al\u00f3 que en el caso de los negocios peque\u00f1os se tendr\u00eda que hacer un an\u00e1lisis, pues al reducir la fuerza laboral, tendr\u00edan que contratar a otra persona.<\/p>\n\n\n\n<p>\u201cYa lo dijo la Presidenta que necesitamos llegar a un acuerdo entre la iniciativa privada de que se tenga que discutir, creo que hay condiciones de hacerlo en las empresas m\u00e1s grandes, habr\u00e1 que hacer el an\u00e1lisis de las empresas m\u00e1s peque\u00f1as pues una fuerza laboral m\u00e1s reducida implica que tendr\u00edamos que contratar a otra persona\u201d, coment\u00f3.<\/p>\n\n\n\n<p>La funcionaria precis\u00f3 que en este sentido ayuda que el salario m\u00ednimo est\u00e9 m\u00e1s robusto y que la pol\u00edtica de aumento continuar\u00e1 con el nuevo Gobierno Federal encabezado por Claudia Sheinbaum.<\/p>\n\n\n\n<p>\u201cEn el tema laboral se va avanzando en la protecci\u00f3n de derechos, ese dato que Veracruz ha salido de la pobreza laboral, por supuesto que falta y se tiene que seguir presionando con ese tipo de iniciativas, pero si viven en la informalidad pues no es tan f\u00e1cil que se exija. La secretaria hace esfuerzos para que conozcan sus derechos\u201d, explico.<\/p>\n\n\n\n<p>En otro tema, dijo que se lleva el 99.8 por ciento de avance en los requisitos para la entrega recepci\u00f3n,\u00a0 \u201cya est\u00e1 digital casi todo, tenemos contador a nivel digital y hasta hace un mes llev\u00e1bamos el 99. 8 por ciento de los requisitos de la entrega recepci\u00f3n\u201d.<\/p>\n\n\n\n<p>Finalmente, asegur\u00f3 que uno de los pendientes que se dejar\u00eda es el cierre de las juntas de conciliaci\u00f3n, pero coment\u00f3 que es un proyecto a largo plazo, pues la Secretar\u00eda Federal lo program\u00f3 para 2040.<\/p>\n\n\n\n<p>\u201cLa intenci\u00f3n es el cierre parcial pues no tiene sentido tener pocos expedientes, el volumen no justifica la renta de edificios y dem\u00e1s\u201d, concluy\u00f3.<\/p>\n","protected":false},"excerpt":{"rendered":"<p>Dar\u00edo Pale Xalapa, Ver.- La secretaria del Trabajo en Veracruz, Dorheny Garc\u00eda Cayetano dijo existen las condiciones para reducir de 48 a 40 horas la jornada laboral, aunque debe haber acuerdos con las empresas de la iniciativa privada, adem\u00e1s de que lleva el 99.8 por ciento de avance en los requisitos para la entrega recepci\u00f3n.\u00a0\u00a0 [&hellip;]<\/p>\n","protected":false},"author":2476,"featured_media":59208,"comment_status":"open","ping_status":"open","sticky":false,"template":"","format":"standard","meta":{"_jetpack_memberships_contains_paid_content":false,"footnotes":""},"categories":[2],"tags":[],"class_list":["post-59207","post","type-post","status-publish","format-standard","has-post-thumbnail","hentry","category-estado"],"jetpack_featured_media_url":"https:\/\/encuentroinformativo.com.mx\/wp-content\/uploads\/2024\/10\/IMG-20241003-WA0061.jpg","jetpack_sharing_enabled":true,"jetpack_likes_enabled":true,"amp_enabled":true,"_links":{"self":[{"href":"https:\/\/encuentroinformativo.com.mx\/index.php?rest_route=\/wp\/v2\/posts\/59207","targetHints":{"allow":["GET"]}}],"collection":[{"href":"https:\/\/encuentroinformativo.com.mx\/index.php?rest_route=\/wp\/v2\/posts"}],"about":[{"href":"https:\/\/encuentroinformativo.com.mx\/index.php?rest_route=\/wp\/v2\/types\/post"}],"author":[{"embeddable":true,"href":"https:\/\/encuentroinformativo.com.mx\/index.php?rest_route=\/wp\/v2\/users\/2476"}],"replies":[{"embeddable":true,"href":"https:\/\/encuentroinformativo.com.mx\/index.php?rest_route=%2Fwp%2Fv2%2Fcomments&post=59207"}],"version-history":[{"count":1,"href":"https:\/\/encuentroinformativo.com.mx\/index.php?rest_route=\/wp\/v2\/posts\/59207\/revisions"}],"predecessor-version":[{"id":59209,"href":"https:\/\/encuentroinformativo.com.mx\/index.php?rest_route=\/wp\/v2\/posts\/59207\/revisions\/59209"}],"wp:featuredmedia":[{"embeddable":true,"href":"https:\/\/encuentroinformativo.com.mx\/index.php?rest_route=\/wp\/v2\/media\/59208"}],"wp:attachment":[{"href":"https:\/\/encuentroinformativo.com.mx\/index.php?rest_route=%2Fwp%2Fv2%2Fmedia&parent=59207"}],"wp:term":[{"taxonomy":"category","embeddable":true,"href":"https:\/\/encuentroinformativo.com.mx\/index.php?rest_route=%2Fwp%2Fv2%2Fcategories&post=59207"},{"taxonomy":"post_tag","embeddable":true,"href":"https:\/\/encuentroinformativo.com.mx\/index.php?rest_route=%2Fwp%2Fv2%2Ftags&post=59207"}],"curies":[{"name":"wp","href":"https:\/\/api.w.org\/{rel}","templated":true}]}}