{"id":59210,"date":"2024-10-03T14:43:01","date_gmt":"2024-10-03T20:43:01","guid":{"rendered":"https:\/\/encuentroinformativo.com.mx\/?p=59210"},"modified":"2024-10-03T14:43:11","modified_gmt":"2024-10-03T20:43:11","slug":"se-activo-codigo-rojo-en-tuxpan","status":"publish","type":"post","link":"https:\/\/encuentroinformativo.com.mx\/?p=59210","title":{"rendered":"Se activ\u00f3 C\u00f3digo Rojo en Tuxpan"},"content":{"rendered":"\n<p>Xalapa, Ver.- El gobernador Cuitl\u00e1huac Garc\u00eda Jim\u00e9nez inform\u00f3 que se activ\u00f3 el C\u00f3digo Rojo y la Polic\u00eda Estatal est\u00e1 tras los responsables del enfrentamiento entre dos c\u00e9lulas delictivas ocurrido esta ma\u00f1ana en Tuxpan. Adem\u00e1s, asegur\u00f3 que la seguridad en la zona ha sido reforzada.<\/p>\n\n\n\n<p>En conferencia de prensa, el mandatario descart\u00f3 que haya m\u00e1s balaceras o situaciones de psicosis en el municipio.<\/p>\n\n\n\n<p>&#8220;Fue un enfrentamiento entre dos grupos delictivos, y ya tenemos resultados preliminares, pero debemos esperar a que concluya el operativo&#8221;, reiter\u00f3.<\/p>\n\n\n\n<p>Detall\u00f3 que una de las bandas acudi\u00f3 al territorio de la otra, lo que provoc\u00f3 el enfrentamiento.<\/p>\n\n\n\n<p>Garc\u00eda Jim\u00e9nez a\u00f1adi\u00f3 que el operativo se lleva a cabo de manera coordinada entre los tres \u00f3rdenes de gobierno y pidi\u00f3 esperar a que finalicen las investigaciones, en las que tambi\u00e9n intervendr\u00e1 la Fiscal\u00eda General de la Rep\u00fablica (FGR).<\/p>\n\n\n\n<p>Finalmente, hizo un llamado a la ciudadan\u00eda y a los medios de comunicaci\u00f3n a ser responsables con la informaci\u00f3n que se difunde, evitando propagar noticias falsas.<\/p>\n","protected":false},"excerpt":{"rendered":"<p>Xalapa, Ver.- El gobernador Cuitl\u00e1huac Garc\u00eda Jim\u00e9nez inform\u00f3 que se activ\u00f3 el C\u00f3digo Rojo y la Polic\u00eda Estatal est\u00e1 tras los responsables del enfrentamiento entre dos c\u00e9lulas delictivas ocurrido esta ma\u00f1ana en Tuxpan. Adem\u00e1s, asegur\u00f3 que la seguridad en la zona ha sido reforzada. En conferencia de prensa, el mandatario descart\u00f3 que haya m\u00e1s balaceras [&hellip;]<\/p>\n","protected":false},"author":2476,"featured_media":59211,"comment_status":"open","ping_status":"open","sticky":false,"template":"","format":"standard","meta":{"_jetpack_memberships_contains_paid_content":false,"footnotes":""},"categories":[2],"tags":[],"class_list":["post-59210","post","type-post","status-publish","format-standard","has-post-thumbnail","hentry","category-estado"],"jetpack_featured_media_url":"https:\/\/encuentroinformativo.com.mx\/wp-content\/uploads\/2024\/10\/IMG-20241003-WA0065.jpg","jetpack_sharing_enabled":true,"jetpack_likes_enabled":true,"amp_enabled":true,"_links":{"self":[{"href":"https:\/\/encuentroinformativo.com.mx\/index.php?rest_route=\/wp\/v2\/posts\/59210","targetHints":{"allow":["GET"]}}],"collection":[{"href":"https:\/\/encuentroinformativo.com.mx\/index.php?rest_route=\/wp\/v2\/posts"}],"about":[{"href":"https:\/\/encuentroinformativo.com.mx\/index.php?rest_route=\/wp\/v2\/types\/post"}],"author":[{"embeddable":true,"href":"https:\/\/encuentroinformativo.com.mx\/index.php?rest_route=\/wp\/v2\/users\/2476"}],"replies":[{"embeddable":true,"href":"https:\/\/encuentroinformativo.com.mx\/index.php?rest_route=%2Fwp%2Fv2%2Fcomments&post=59210"}],"version-history":[{"count":1,"href":"https:\/\/encuentroinformativo.com.mx\/index.php?rest_route=\/wp\/v2\/posts\/59210\/revisions"}],"predecessor-version":[{"id":59212,"href":"https:\/\/encuentroinformativo.com.mx\/index.php?rest_route=\/wp\/v2\/posts\/59210\/revisions\/59212"}],"wp:featuredmedia":[{"embeddable":true,"href":"https:\/\/encuentroinformativo.com.mx\/index.php?rest_route=\/wp\/v2\/media\/59211"}],"wp:attachment":[{"href":"https:\/\/encuentroinformativo.com.mx\/index.php?rest_route=%2Fwp%2Fv2%2Fmedia&parent=59210"}],"wp:term":[{"taxonomy":"category","embeddable":true,"href":"https:\/\/encuentroinformativo.com.mx\/index.php?rest_route=%2Fwp%2Fv2%2Fcategories&post=59210"},{"taxonomy":"post_tag","embeddable":true,"href":"https:\/\/encuentroinformativo.com.mx\/index.php?rest_route=%2Fwp%2Fv2%2Ftags&post=59210"}],"curies":[{"name":"wp","href":"https:\/\/api.w.org\/{rel}","templated":true}]}}