{"id":59225,"date":"2024-10-03T20:08:05","date_gmt":"2024-10-04T02:08:05","guid":{"rendered":"https:\/\/encuentroinformativo.com.mx\/?p=59225"},"modified":"2024-10-03T20:08:10","modified_gmt":"2024-10-04T02:08:10","slug":"alistan-preparativos-para-feria-del-tamal","status":"publish","type":"post","link":"https:\/\/encuentroinformativo.com.mx\/?p=59225","title":{"rendered":"Alistan preparativos para Feria del Tamal"},"content":{"rendered":"\n<p><strong>Dar\u00edo Pale <\/strong><\/p>\n\n\n\n<p>Xalapa, Ver.- El regidor quinto del Ayuntamiento de Xalapa, Diego Florescano P\u00e9rez, dio a conocer que del 1 al 3 de noviembre se realizar\u00e1 la Feria del Tamal, Pan y Chocolate.\u00a0<\/p>\n\n\n\n<p>En entrevista, se\u00f1al\u00f3 que este evento que ya ha posicionado a la ciudad de Xalapa, se efectuar\u00e1 en el parque Ju\u00e1rez y la convocatoria se abrir\u00e1 en breve para las personas interesadas en participar.\u00a0<\/p>\n\n\n\n<p>A\u00f1adi\u00f3 que en esta ocasi\u00f3n se le dar\u00e1 oportunidad a otros emprendedores, para que de este modo todos puedan tener un espacio.\u00a0<\/p>\n\n\n\n<p>En este sentido, precis\u00f3 que las actividades que organiza el municipio y el Gobierno del Estado, abonan a la econom\u00eda de la zona centro.\u00a0<\/p>\n\n\n\n<p>Por \u00faltimo el funcionario municipal, coment\u00f3 que esta feria ha tenido una afluencia de hasta 100 mil visitantes en ediciones anteriores.<\/p>\n","protected":false},"excerpt":{"rendered":"<p>Dar\u00edo Pale Xalapa, Ver.- El regidor quinto del Ayuntamiento de Xalapa, Diego Florescano P\u00e9rez, dio a conocer que del 1 al 3 de noviembre se realizar\u00e1 la Feria del Tamal, Pan y Chocolate.\u00a0 En entrevista, se\u00f1al\u00f3 que este evento que ya ha posicionado a la ciudad de Xalapa, se efectuar\u00e1 en el parque Ju\u00e1rez y [&hellip;]<\/p>\n","protected":false},"author":2476,"featured_media":35947,"comment_status":"open","ping_status":"open","sticky":false,"template":"","format":"standard","meta":{"_jetpack_memberships_contains_paid_content":false,"footnotes":""},"categories":[3],"tags":[],"class_list":["post-59225","post","type-post","status-publish","format-standard","has-post-thumbnail","hentry","category-xalapa"],"jetpack_featured_media_url":"https:\/\/encuentroinformativo.com.mx\/wp-content\/uploads\/2023\/01\/Photo_1674689703854.jpg","jetpack_sharing_enabled":true,"jetpack_likes_enabled":true,"amp_enabled":true,"_links":{"self":[{"href":"https:\/\/encuentroinformativo.com.mx\/index.php?rest_route=\/wp\/v2\/posts\/59225","targetHints":{"allow":["GET"]}}],"collection":[{"href":"https:\/\/encuentroinformativo.com.mx\/index.php?rest_route=\/wp\/v2\/posts"}],"about":[{"href":"https:\/\/encuentroinformativo.com.mx\/index.php?rest_route=\/wp\/v2\/types\/post"}],"author":[{"embeddable":true,"href":"https:\/\/encuentroinformativo.com.mx\/index.php?rest_route=\/wp\/v2\/users\/2476"}],"replies":[{"embeddable":true,"href":"https:\/\/encuentroinformativo.com.mx\/index.php?rest_route=%2Fwp%2Fv2%2Fcomments&post=59225"}],"version-history":[{"count":1,"href":"https:\/\/encuentroinformativo.com.mx\/index.php?rest_route=\/wp\/v2\/posts\/59225\/revisions"}],"predecessor-version":[{"id":59226,"href":"https:\/\/encuentroinformativo.com.mx\/index.php?rest_route=\/wp\/v2\/posts\/59225\/revisions\/59226"}],"wp:featuredmedia":[{"embeddable":true,"href":"https:\/\/encuentroinformativo.com.mx\/index.php?rest_route=\/wp\/v2\/media\/35947"}],"wp:attachment":[{"href":"https:\/\/encuentroinformativo.com.mx\/index.php?rest_route=%2Fwp%2Fv2%2Fmedia&parent=59225"}],"wp:term":[{"taxonomy":"category","embeddable":true,"href":"https:\/\/encuentroinformativo.com.mx\/index.php?rest_route=%2Fwp%2Fv2%2Fcategories&post=59225"},{"taxonomy":"post_tag","embeddable":true,"href":"https:\/\/encuentroinformativo.com.mx\/index.php?rest_route=%2Fwp%2Fv2%2Ftags&post=59225"}],"curies":[{"name":"wp","href":"https:\/\/api.w.org\/{rel}","templated":true}]}}